{"id":73456,"date":"2018-11-18T12:12:10","date_gmt":"2018-11-18T15:12:10","guid":{"rendered":"http:\/\/www.caririemacao.com\/1\/?p=73456"},"modified":"2018-11-18T12:12:10","modified_gmt":"2018-11-18T15:12:10","slug":"joao-azevedo-parabeniza-rc-pelo-seu-aniversario-e-diz-nao-ter-pressa-para-discussao-sobre-a-eleicao-para-a-mesa-diretora-da-alpb","status":"publish","type":"post","link":"https:\/\/www.caririemacao.com\/1\/2018\/11\/18\/joao-azevedo-parabeniza-rc-pelo-seu-aniversario-e-diz-nao-ter-pressa-para-discussao-sobre-a-eleicao-para-a-mesa-diretora-da-alpb\/","title":{"rendered":"Jo\u00e3o Azev\u00eado parabeniza RC pelo seu anivers\u00e1rio e diz n\u00e3o ter pressa para discuss\u00e3o sobre a elei\u00e7\u00e3o para a Mesa Diretora da ALPB"},"content":{"rendered":"<p>O governador eleito Jo\u00e3o Azev\u00eado (PSB), parabenizou por suas redes sociais o governador Ricardo Coutinho (PSB) pelo seu anivers\u00e1rio neste domingo. H\u00e1 poucos dias Azev\u00eado em entrevista a imprensa no retorno das suas f\u00e9rias disse estar perfeitamente antenado com RC, sobre a elei\u00e7\u00e3o para a Mesa Diretora da ALPB. \u201cN\u00f3s vamos come\u00e7ar essa discuss\u00e3o agora\u201d, disse.<\/p>\n<p>\u201cMais que um grande governador, mais que um grande l\u00edder, mais que um grande ser humano, hoje \u00e9 o anivers\u00e1rio de um grande amigo: parab\u00e9ns, Ricardo Coutinho. Quero desejar muitas felicidades a esse companheiro de tantas e tantas batalhas, que a vida lhe traga as alegrias e realiza\u00e7\u00f5es que voc\u00ea merece. Viva Ricardo!\u201d, disse Jo\u00e3o por suas redes sociais.<\/p>\n<p><img decoding=\"async\" data-src=\"https:\/\/www2.pbagora.com.br\/userfiles\/images\/e24e5e36466fc3655428cc5453532fe5.jpg\" alt=\"\" src=\"data:image\/svg+xml;base64,PHN2ZyB3aWR0aD0iMSIgaGVpZ2h0PSIxIiB4bWxucz0iaHR0cDovL3d3dy53My5vcmcvMjAwMC9zdmciPjwvc3ZnPg==\" class=\"lazyload\" \/><\/p>\n<p>Sobre a elei\u00e7\u00e3o para a Mesa Diretora da ALPB afirmou: \u201cpassei um per\u00edodo fora, mas estou de volta e j\u00e1 conversei com governador Ricardo Coutinho e n\u00f3s estamos discutindo nomes. \u00c9 um trabalho que est\u00e1 sendo feito e que ainda tem tempo. Afinal de contas, esta Mesa vai ser eleita somente em fevereiro\u201d, afirmou Jo\u00e3o.<\/p>\n<p>&nbsp;<\/p>\n<p>Segundo ele, houve um in\u00edcio de discuss\u00e3o a respeito da elei\u00e7\u00e3o, mas agora as coisas j\u00e1 est\u00e3o nos seus devidos lugares. \u201cTalvez tenha se dado pela ansiedade de alguns, mas agora v\u00e3o ter que aguardar um pouco o processo\u201d, disse.<\/p>\n<p>&nbsp;<\/p>\n<p>J\u00e1 em rela\u00e7\u00e3o a PEC que acaba com a reelei\u00e7\u00e3o de presidentes e antecipa\u00e7\u00e3o da elei\u00e7\u00e3o da Mesa Diretora, que causou pol\u00eamica e dividiu a pr\u00f3pria base governista, Jo\u00e3o Azev\u00eado afirmou que \u00e9 o pr\u00f3prio Poder Legislativo que tem que resolver se a tramita\u00e7\u00e3o atendeu ou n\u00e3o ao que \u00e9 previsto no Regimento Interno.<\/p>\n<p>&nbsp;<\/p>\n<p><b>PBAGORA<\/b><\/p>\n","protected":false},"excerpt":{"rendered":"<p>O governador eleito Jo\u00e3o Azev\u00eado (PSB), parabenizou por suas redes sociais o governador Ricardo Coutinho (PSB) pelo seu anivers\u00e1rio neste domingo. H\u00e1 poucos dias Azev\u00eado&hellip; <\/p>\n","protected":false},"author":1,"featured_media":70692,"comment_status":"closed","ping_status":"closed","sticky":false,"template":"","format":"standard","meta":{"sfsi_plus_gutenberg_text_before_share":"","sfsi_plus_gutenberg_show_text_before_share":"","sfsi_plus_gutenberg_icon_type":"","sfsi_plus_gutenberg_icon_alignemt":"","sfsi_plus_gutenburg_max_per_row":"","footnotes":""},"categories":[11],"tags":[],"class_list":["post-73456","post","type-post","status-publish","format-standard","has-post-thumbnail","hentry","category-politica"],"_links":{"self":[{"href":"https:\/\/www.caririemacao.com\/1\/wp-json\/wp\/v2\/posts\/73456","targetHints":{"allow":["GET"]}}],"collection":[{"href":"https:\/\/www.caririemacao.com\/1\/wp-json\/wp\/v2\/posts"}],"about":[{"href":"https:\/\/www.caririemacao.com\/1\/wp-json\/wp\/v2\/types\/post"}],"author":[{"embeddable":true,"href":"https:\/\/www.caririemacao.com\/1\/wp-json\/wp\/v2\/users\/1"}],"replies":[{"embeddable":true,"href":"https:\/\/www.caririemacao.com\/1\/wp-json\/wp\/v2\/comments?post=73456"}],"version-history":[{"count":1,"href":"https:\/\/www.caririemacao.com\/1\/wp-json\/wp\/v2\/posts\/73456\/revisions"}],"predecessor-version":[{"id":73458,"href":"https:\/\/www.caririemacao.com\/1\/wp-json\/wp\/v2\/posts\/73456\/revisions\/73458"}],"wp:featuredmedia":[{"embeddable":true,"href":"https:\/\/www.caririemacao.com\/1\/wp-json\/wp\/v2\/media\/70692"}],"wp:attachment":[{"href":"https:\/\/www.caririemacao.com\/1\/wp-json\/wp\/v2\/media?parent=73456"}],"wp:term":[{"taxonomy":"category","embeddable":true,"href":"https:\/\/www.caririemacao.com\/1\/wp-json\/wp\/v2\/categories?post=73456"},{"taxonomy":"post_tag","embeddable":true,"href":"https:\/\/www.caririemacao.com\/1\/wp-json\/wp\/v2\/tags?post=73456"}],"curies":[{"name":"wp","href":"https:\/\/api.w.org\/{rel}","templated":true}]}}