{"id":73457,"date":"2018-11-18T12:14:26","date_gmt":"2018-11-18T15:14:26","guid":{"rendered":"http:\/\/www.caririemacao.com\/1\/?p=73457"},"modified":"2018-11-18T12:14:26","modified_gmt":"2018-11-18T15:14:26","slug":"ouro-velho-abre-festa-de-nossa-senhora-das-gracas-2018-neste-domingo-18","status":"publish","type":"post","link":"https:\/\/www.caririemacao.com\/1\/2018\/11\/18\/ouro-velho-abre-festa-de-nossa-senhora-das-gracas-2018-neste-domingo-18\/","title":{"rendered":"Ouro Velho abre Festa de Nossa Senhora das Gra\u00e7as 2018 neste domingo (18)"},"content":{"rendered":"<p>A Igreja de Nossa Senhora da Gra\u00e7as, localizada na cidade de Ouro Velho, no Cariri paraibano, inicia na noite deste domingo, 18, a programa\u00e7\u00e3o da Festa da Padroeira 2018.<\/p>\n<p>Com in\u00edcio previsto para as 18h30, as festividades em alus\u00e3o a Nossa Senhora se estende at\u00e9 o dia 27de novembro, quando \u00e9 comemorado o Dia de Nossa Senhora das Gra\u00e7as. Durante a festa, cat\u00f3licos v\u00e3o receber a visita do Bispo Diocesano, Dom Dulc\u00eanio Fontes de Matos.<\/p>\n<p>A programa\u00e7\u00e3o contar\u00e1 com Missas di\u00e1rias, Ben\u00e7\u00e3o do Sant\u00edssimo, carreata, alvorada, quermesse, show pirot\u00e9cnico e a tradicional prociss\u00e3o pelas principais ruas da cidade.<\/p>\n<p><strong>PROGRAMA\u00c7\u00c3O RELIGIOSA: <\/strong><\/p>\n<p><strong>Dia 18 \u2013 Domingo: noite dedicada as crian\u00e7as <\/strong><\/p>\n<p>18h40 &#8211; Missa presidida pelo Vig\u00e1rio Paroquial Pe. Marcos Souza Dia<\/p>\n<p><strong>Dia 19 \u2013 Segunda: noite dedicada aos poetas e agricultores <\/strong><\/p>\n<p>18h40 &#8211; Missa presidida pelo P\u00e1roco Pe. Eude Ara\u00fajo Dias<\/p>\n<p><strong>Dia 20 \u2013 Ter\u00e7a: noite dedicada aos motoristas, motociclistas e comerciantes.\u00a0 <\/strong><\/p>\n<p>18h &#8211; Carreata saindo do Posto Fiscal. Em seguida, Missa presidida pelo Pe. Jos\u00e9 Adauto<\/p>\n<p><strong>Dia 21 \u2013 Quarta: noite dedicada aos dizimistas e benfeitores <\/strong><\/p>\n<p>18h40 &#8211; Missa presidida pelo Bispo Diocesano de Campina Grande Dom Dulc\u00e9nio Matos<\/p>\n<p><strong>Dia 22 \u2013 Quinta: noite dedicada as Comunidades<\/strong><\/p>\n<p>Santo Ant\u00f4nio, Santa Rita, Sagrada Familiar, S\u00e3o Jo\u00e3o Batista e Olhos D&#8217;\u00e1gua.<\/p>\n<p>18h40 &#8211; Missa presidida pelo Pe. Jos\u00e9 Marcos<\/p>\n<p><strong>Dia 23 \u2013 Sexta: noite dedicada as Fam\u00edlias <\/strong><\/p>\n<p>18h40 &#8211; Missa presidida pelo Pe. Jorge Dias<\/p>\n<p><strong>Dia 24 \u2013 S\u00e1bado: noite dedicada a Comunidade Amparo<\/strong><\/p>\n<p>18h40 &#8211; Missa presidida pelo Padre convidado<\/p>\n<p><strong>Dia 25 &#8211; Domingo 10h &#8211; Celebra\u00e7\u00e3o de Batizados noite dedicada aos Jovens <\/strong><\/p>\n<p>18h40 &#8211; Missa presidida pelo Pe. Ednaldo Gomes<\/p>\n<p><strong>Dia 26 \u2013 Segunda: noite dedicada a Comunidade de Prata <\/strong><\/p>\n<p>18h40 &#8211; Missa presidida pelo Pe. Claudeci Soares<\/p>\n<p><strong>Dia 27 \u2013 Ter\u00e7a: Dia dedicado aos ourovelhenses <\/strong><\/p>\n<p>05h &#8211; Alvorada com a Banda Filarm\u00f4nica Pedro Viana<\/p>\n<p>12h &#8211; Sauda\u00e7\u00e3o com fogos \u00e1 Virgem das Gra\u00e7as (nas resid\u00eancias) e Ora\u00e7\u00e3o do \u00c2ngelus (na igreja).<\/p>\n<p>17h &#8211; Prociss\u00e3o com a imagem da padroeira, saindo da Comunidade S\u00e3o Jo\u00e3o Batista (Posto de Combust\u00edvel) em seguida, Missa e Ben\u00e7\u00e3o do Sant\u00edssimo presididas pelo P\u00e1roco Pe. Eude Ara\u00fajo. Logo ap\u00f3s, quermesse e bingo beneficente.<\/p>\n<p style=\"text-align: right;\"><em><strong>Reda\u00e7\u00e3o Cariri em A\u00e7\u00e3o\u00a0<\/strong><\/em><\/p>\n","protected":false},"excerpt":{"rendered":"<p>A Igreja de Nossa Senhora da Gra\u00e7as, localizada na cidade de Ouro Velho, no Cariri paraibano, inicia na noite deste domingo, 18, a programa\u00e7\u00e3o da&hellip; <\/p>\n","protected":false},"author":1,"featured_media":44174,"comment_status":"closed","ping_status":"closed","sticky":false,"template":"","format":"standard","meta":{"sfsi_plus_gutenberg_text_before_share":"","sfsi_plus_gutenberg_show_text_before_share":"","sfsi_plus_gutenberg_icon_type":"","sfsi_plus_gutenberg_icon_alignemt":"","sfsi_plus_gutenburg_max_per_row":"","footnotes":""},"categories":[6],"tags":[],"class_list":["post-73457","post","type-post","status-publish","format-standard","has-post-thumbnail","hentry","category-cidades"],"_links":{"self":[{"href":"https:\/\/www.caririemacao.com\/1\/wp-json\/wp\/v2\/posts\/73457","targetHints":{"allow":["GET"]}}],"collection":[{"href":"https:\/\/www.caririemacao.com\/1\/wp-json\/wp\/v2\/posts"}],"about":[{"href":"https:\/\/www.caririemacao.com\/1\/wp-json\/wp\/v2\/types\/post"}],"author":[{"embeddable":true,"href":"https:\/\/www.caririemacao.com\/1\/wp-json\/wp\/v2\/users\/1"}],"replies":[{"embeddable":true,"href":"https:\/\/www.caririemacao.com\/1\/wp-json\/wp\/v2\/comments?post=73457"}],"version-history":[{"count":1,"href":"https:\/\/www.caririemacao.com\/1\/wp-json\/wp\/v2\/posts\/73457\/revisions"}],"predecessor-version":[{"id":73459,"href":"https:\/\/www.caririemacao.com\/1\/wp-json\/wp\/v2\/posts\/73457\/revisions\/73459"}],"wp:featuredmedia":[{"embeddable":true,"href":"https:\/\/www.caririemacao.com\/1\/wp-json\/wp\/v2\/media\/44174"}],"wp:attachment":[{"href":"https:\/\/www.caririemacao.com\/1\/wp-json\/wp\/v2\/media?parent=73457"}],"wp:term":[{"taxonomy":"category","embeddable":true,"href":"https:\/\/www.caririemacao.com\/1\/wp-json\/wp\/v2\/categories?post=73457"},{"taxonomy":"post_tag","embeddable":true,"href":"https:\/\/www.caririemacao.com\/1\/wp-json\/wp\/v2\/tags?post=73457"}],"curies":[{"name":"wp","href":"https:\/\/api.w.org\/{rel}","templated":true}]}}