{"id":73460,"date":"2018-11-18T12:34:38","date_gmt":"2018-11-18T15:34:38","guid":{"rendered":"http:\/\/www.caririemacao.com\/1\/?p=73460"},"modified":"2018-11-18T12:34:38","modified_gmt":"2018-11-18T15:34:38","slug":"divulgada-a-programacao-religiosa-e-social-da-festa-de-santo-andre-2018","status":"publish","type":"post","link":"https:\/\/www.caririemacao.com\/1\/2018\/11\/18\/divulgada-a-programacao-religiosa-e-social-da-festa-de-santo-andre-2018\/","title":{"rendered":"Divulgada a programa\u00e7\u00e3o religiosa e social da festa de Santo Andr\u00e9 2018"},"content":{"rendered":"<p>A cidade de Santo Andr\u00e9, no cariri paraibano, celebrar\u00e1 de 25 de novembro a 02 de dezembro, a festa alusiva ao seu padroeiro o \u201cAp\u00f3stolo Santo Andr\u00e9\u201d.<\/p>\n<p>A festividade do Santo padroeiro tem como tema \u201cCom Santo Andr\u00e9, colocamos nossos dons nas m\u00e3os de Jesus\u201d. A festa ter\u00e1 sua abertura oficial no dia 25 com uma grande carreata levando a imagem de Santo Andr\u00e9.<\/p>\n<p>A programa\u00e7\u00e3o da festa \u00e9 composta pela programa\u00e7\u00e3o religiosa e social. Confira:<\/p>\n<p><strong>Domingo 25 \u2013 Noite dedicada aos motoristas e motociclistas<\/strong><\/p>\n<p>17h30 &#8211; Carreata conduzindo a Imagem de Santo Andr\u00e9, saindo do Grupo Escolar do Oitizeiro at\u00e9 a Igreja Matriz;<\/p>\n<p>18h30 &#8211; Ben\u00e7\u00e3o dos ve\u00edculos;<\/p>\n<p>18h40 &#8211; Hasteamentos das Bandeiras;<\/p>\n<p>19h00 &#8211; Celebra\u00e7\u00e3o Eucar\u00edstica na Igreja Matriz, presidida pelo Pe. Joselito Ferreira.<\/p>\n<p>Noiteiros: Coordena\u00e7\u00e3o de liturgia.<\/p>\n<p><strong>Segunda- feira 26 \u2013 Noite dedicada \u00e0s escolas, Creche, Escola Municipal e Estadual <\/strong><\/p>\n<p>19h00: Celebra\u00e7\u00e3o Eucar\u00edstica, presidida pelo padre Jo\u00e3o Paulo. Noiteiros: Pastoral do D\u00edzimo.<\/p>\n<p><strong>Ter\u00e7a- feira 27 \u2013 Noite dedicada aos agricultores e comerciantes <\/strong><\/p>\n<p>19h00 &#8211; Celebra\u00e7\u00e3o Eucar\u00edstica, presidida pelo padre Marcos. Noiteiros: Homens e mulheres do ter\u00e7o.<\/p>\n<p><strong>Quarta &#8211; feira 28- Noite dedicada aos Casais<\/strong><\/p>\n<p>19h00 &#8211; Celebra\u00e7\u00e3o Eucar\u00edstica presidente pelo padre Daniel. Noiteiros: ECC e Pastoral da Familiar<\/p>\n<p><strong>Quinta \u2013 feira 29 &#8211; Noite dedicada as tradi\u00e7\u00f5es religiosas <\/strong><\/p>\n<p>18h00 &#8211; Prociss\u00e3o da Luz, saindo da Matriz para as Ruinas;<\/p>\n<p>19h00 &#8211; Celebra\u00e7\u00e3o Eucar\u00edstica, presidida pelo padre Assis Meira.<\/p>\n<p>Noiteiros: Ministros da Comunh\u00e3o.<\/p>\n<p><strong>Sexta-feira 30 \u2013 Dia do Apostolo Santo Andr\u00e9 (Noite dedicada \u00e0s fam\u00edlias e devotos)<\/strong><\/p>\n<p>19h00 &#8211; Celebra\u00e7\u00e3o Eucar\u00edstica, presidida pelo padre Tobias. Noiteiros: Liturgia das comunidades<\/p>\n<p><strong>S\u00e1bado 01 \u2013 Noite dedicada ao Apostolado da ora\u00e7\u00e3o e as pastorais da inicia\u00e7\u00e3o crist\u00e3 <\/strong><\/p>\n<p>19h00 &#8211; Celebra\u00e7\u00e3o Eucar\u00edstica, presidida pelo padre Onaldo. Noiteiros: Coordena\u00e7\u00e3o de Liturgia<\/p>\n<p><strong>Domingo 02 \u2013 Dia dedicado \u00e0s comunidades e as fam\u00edlias da Par\u00f3quia.<\/strong><\/p>\n<p>10h00-Batizados.<\/p>\n<p>17h00 Prociss\u00e3o.<\/p>\n<p>17:40 &#8211; Celebra\u00e7\u00e3o Eucar\u00edstica, presidida pelos padres Joselito e Cristino.<\/p>\n<p>Hasteamento das bandeiras;<\/p>\n<p>Apresenta\u00e7\u00e3o da Filarm\u00f3nica;<\/p>\n<p>Noiteiros: Coordena\u00e7\u00e3o de Liturgia.<\/p>\n<p>&nbsp;<\/p>\n<p><strong>Programa\u00e7\u00e3o Social \u2013 Inicio sempre as 22hs<\/strong><\/p>\n<p>30\/12 &#8211; Joab Rocha &amp; Jhonny Porto<\/p>\n<p>01\/12 &#8211; Jeandro Garotinho<\/p>\n<p>02\/01 \u2013 Tiago dos Teclados<\/p>\n<p style=\"text-align: right;\"><em><strong>Reda\u00e7\u00e3o Cariri em A\u00e7\u00e3o\u00a0<\/strong><\/em><\/p>\n","protected":false},"excerpt":{"rendered":"<p>A cidade de Santo Andr\u00e9, no cariri paraibano, celebrar\u00e1 de 25 de novembro a 02 de dezembro, a festa alusiva ao seu padroeiro o \u201cAp\u00f3stolo&hellip; <\/p>\n","protected":false},"author":1,"featured_media":16923,"comment_status":"closed","ping_status":"closed","sticky":false,"template":"","format":"standard","meta":{"sfsi_plus_gutenberg_text_before_share":"","sfsi_plus_gutenberg_show_text_before_share":"","sfsi_plus_gutenberg_icon_type":"","sfsi_plus_gutenberg_icon_alignemt":"","sfsi_plus_gutenburg_max_per_row":"","footnotes":""},"categories":[2],"tags":[],"class_list":["post-73460","post","type-post","status-publish","format-standard","has-post-thumbnail","hentry","category-geral"],"_links":{"self":[{"href":"https:\/\/www.caririemacao.com\/1\/wp-json\/wp\/v2\/posts\/73460","targetHints":{"allow":["GET"]}}],"collection":[{"href":"https:\/\/www.caririemacao.com\/1\/wp-json\/wp\/v2\/posts"}],"about":[{"href":"https:\/\/www.caririemacao.com\/1\/wp-json\/wp\/v2\/types\/post"}],"author":[{"embeddable":true,"href":"https:\/\/www.caririemacao.com\/1\/wp-json\/wp\/v2\/users\/1"}],"replies":[{"embeddable":true,"href":"https:\/\/www.caririemacao.com\/1\/wp-json\/wp\/v2\/comments?post=73460"}],"version-history":[{"count":1,"href":"https:\/\/www.caririemacao.com\/1\/wp-json\/wp\/v2\/posts\/73460\/revisions"}],"predecessor-version":[{"id":73461,"href":"https:\/\/www.caririemacao.com\/1\/wp-json\/wp\/v2\/posts\/73460\/revisions\/73461"}],"wp:featuredmedia":[{"embeddable":true,"href":"https:\/\/www.caririemacao.com\/1\/wp-json\/wp\/v2\/media\/16923"}],"wp:attachment":[{"href":"https:\/\/www.caririemacao.com\/1\/wp-json\/wp\/v2\/media?parent=73460"}],"wp:term":[{"taxonomy":"category","embeddable":true,"href":"https:\/\/www.caririemacao.com\/1\/wp-json\/wp\/v2\/categories?post=73460"},{"taxonomy":"post_tag","embeddable":true,"href":"https:\/\/www.caririemacao.com\/1\/wp-json\/wp\/v2\/tags?post=73460"}],"curies":[{"name":"wp","href":"https:\/\/api.w.org\/{rel}","templated":true}]}}