{"id":73470,"date":"2018-11-18T13:01:53","date_gmt":"2018-11-18T16:01:53","guid":{"rendered":"http:\/\/www.caririemacao.com\/1\/?p=73470"},"modified":"2018-11-18T13:01:53","modified_gmt":"2018-11-18T16:01:53","slug":"bolsonaro-volta-a-dizer-que-medicos-cubanos-sao-escravos-da-ditadura","status":"publish","type":"post","link":"https:\/\/www.caririemacao.com\/1\/2018\/11\/18\/bolsonaro-volta-a-dizer-que-medicos-cubanos-sao-escravos-da-ditadura\/","title":{"rendered":"Bolsonaro volta a dizer que m\u00e9dicos cubanos s\u00e3o escravos da ditadura"},"content":{"rendered":"<p>O presidente eleito Jair Bolsonaro voltou a afirmar neste domingo (18) que Cuba submete seus profissionais, vinculados ao programa Mais M\u00e9dicos, a uma situa\u00e7\u00e3o de \u201ctrabalho an\u00e1logo a escravid\u00e3o\u201d. Ele tamb\u00e9m afirmou que alguns prefeitos, que reclamam da sa\u00edda dos cubanos, querem se eximir de responsabilidades.<\/p>\n<p>\u201cA prefeitura mandou embora seu m\u00e9dico para pegar um cubano. Quer ficar livre da responsabilidade. A Sa\u00fade [municipal] tamb\u00e9m tem sua responsabilidade\u201d, afirmou Bolsonaro, que foi \u00e0\u00a0 Arena Carioca 1, na Barra da Tijuca, no Rio de Janeiro acompanhar as finais do evento de Jiu-Jitsu Abu Dhabi Grand Slam Rio.<\/p>\n<p>Bolsonaro acrescentou que ainda n\u00e3o \u00e9 o presidente, mas que \u201cdia 1\u00ba vamos apresentar [uma solu\u00e7\u00e3o para a sa\u00edda dos m\u00e9dicos cubanos]. N\u00e3o podemos admitir escravos cubanos no Brasil nem continuar alimentando a ditadura cubana tamb\u00e9m\u201d.<\/p>\n<p>O presidente eleito reiterou o que disse, lembrando que muitos cubanos deixam para tr\u00e1s as fam\u00edlias, pois n\u00e3o podem traz\u00ea-las para o Brasil e s\u00e3o obrigados a repassar 70% dos sal\u00e1rios para o governo de Cuba.<\/p>\n<p><strong>Rea\u00e7\u00f5es<\/strong><\/p>\n<p>A Associa\u00e7\u00e3o Brasileira de Sa\u00fade Coletiva (Abrasco) divulgou nota neste domingo alertando sobre o impacto da sa\u00edda dos m\u00e9dicos cubanos. O grupo cita a presen\u00e7a dos profissionais em 2,8 mil munic\u00edpios e destaca que em 611 munic\u00edpios todos os m\u00e9dicos atuantes eram cubanos.<\/p>\n<p>De acordo com a entidade, as dificuldades de lota\u00e7\u00e3o e fixa\u00e7\u00e3o de m\u00e9dicos em \u00e1reas de dif\u00edcil acesso ou de alta vulnerabilidade social \u00e9 um problema hist\u00f3rico e estrutural do sistema de sa\u00fade brasileiro que come\u00e7ou a melhorar em 1994, com a implanta\u00e7\u00e3o da Estrat\u00e9gia Sa\u00fade da Fam\u00edlia (ESF) e, especialmente em 2013, quando foi criado Programa Mais M\u00e9dicos para o Brasil (PMMB).<\/p>\n<p>Ao elencar os avan\u00e7os do programa, a Abrasco ainda cita uma s\u00e9rie de sugest\u00f5es de medidas para que o governo evite preju\u00edzos \u00e0 popula\u00e7\u00e3o como a imediata negocia\u00e7\u00e3o com Cuba, a abertura do processo de chamada p\u00fablica de m\u00e9dicos para as vagas desocupadas pelos cubanos e a implanta\u00e7\u00e3o de proposta de carreira p\u00fablica para os profissionais de sa\u00fade que optarem pela dedica\u00e7\u00e3o ao SUS.<\/p>\n<p><strong>Exames<\/strong><\/p>\n<p>Bolsonaro confirmou que ir\u00e1 a S\u00e3o Paulo, no pr\u00f3ximo dia 23, para se submeter a exames pr\u00e9-operat\u00f3rios para a retirada da bolsa de colostomia. No s\u00e1bado (24) ele segue para o Rio de Janeiro. \u201cEstarei na minha Brigada de Infantaria Paraquedista [no Rio] onde verei milhares de colegas que serviram comigo naquela grande unidade\u201d, afirmou.<\/p>\n<p>O presidente eleito afirmou que ter\u00e1 uma agenda intensa em Bras\u00edlia, a partir de ter\u00e7a-feira (20), e defendeu a uni\u00e3o dos poderes para buscar solu\u00e7\u00f5es para os problemas do pa\u00eds: \u201cTemos que nos unir. N\u00e3o posso governar sozinho. O Executivo apesar de falar que \u00e9 um Poder independente, em grande parte depende do Parlamento brasileiro. Temos que nos aproximar e muito do Parlamento\u201d, disse.<\/p>\n<p>Em seguida, Bolsonaro detalhou que ir\u00e1 ao Tribunal de Contas da Uni\u00e3o e tamb\u00e9m \u00e0 Controladoria Geral da Uni\u00e3o. \u201cEsta semana continuam mais visitas protocolares \u00e0s institui\u00e7\u00f5es para demonstrar n\u00e3o s\u00f3 nossa humildade bem como a vontade de governar junto o Brasil.<\/p>\n<p>Ao deixar a Arena 1, o presidente eleito parou em um quiosque, na Barra da Tijuca, onde tomou \u00e1gua de coco, tirou fotos e cumprimentou quem passava pelo local.<\/p>\n<p style=\"text-align: right;\"><em><strong>Portal Correio\/Foto: Internet\u00a0\u00a0<\/strong><\/em><\/p>\n","protected":false},"excerpt":{"rendered":"<p>O presidente eleito Jair Bolsonaro voltou a afirmar neste domingo (18) que Cuba submete seus profissionais, vinculados ao programa Mais M\u00e9dicos, a uma situa\u00e7\u00e3o de&hellip; <\/p>\n","protected":false},"author":1,"featured_media":39574,"comment_status":"closed","ping_status":"closed","sticky":false,"template":"","format":"standard","meta":{"sfsi_plus_gutenberg_text_before_share":"","sfsi_plus_gutenberg_show_text_before_share":"","sfsi_plus_gutenberg_icon_type":"","sfsi_plus_gutenberg_icon_alignemt":"","sfsi_plus_gutenburg_max_per_row":"","footnotes":""},"categories":[11],"tags":[],"class_list":["post-73470","post","type-post","status-publish","format-standard","has-post-thumbnail","hentry","category-politica"],"_links":{"self":[{"href":"https:\/\/www.caririemacao.com\/1\/wp-json\/wp\/v2\/posts\/73470","targetHints":{"allow":["GET"]}}],"collection":[{"href":"https:\/\/www.caririemacao.com\/1\/wp-json\/wp\/v2\/posts"}],"about":[{"href":"https:\/\/www.caririemacao.com\/1\/wp-json\/wp\/v2\/types\/post"}],"author":[{"embeddable":true,"href":"https:\/\/www.caririemacao.com\/1\/wp-json\/wp\/v2\/users\/1"}],"replies":[{"embeddable":true,"href":"https:\/\/www.caririemacao.com\/1\/wp-json\/wp\/v2\/comments?post=73470"}],"version-history":[{"count":1,"href":"https:\/\/www.caririemacao.com\/1\/wp-json\/wp\/v2\/posts\/73470\/revisions"}],"predecessor-version":[{"id":73471,"href":"https:\/\/www.caririemacao.com\/1\/wp-json\/wp\/v2\/posts\/73470\/revisions\/73471"}],"wp:featuredmedia":[{"embeddable":true,"href":"https:\/\/www.caririemacao.com\/1\/wp-json\/wp\/v2\/media\/39574"}],"wp:attachment":[{"href":"https:\/\/www.caririemacao.com\/1\/wp-json\/wp\/v2\/media?parent=73470"}],"wp:term":[{"taxonomy":"category","embeddable":true,"href":"https:\/\/www.caririemacao.com\/1\/wp-json\/wp\/v2\/categories?post=73470"},{"taxonomy":"post_tag","embeddable":true,"href":"https:\/\/www.caririemacao.com\/1\/wp-json\/wp\/v2\/tags?post=73470"}],"curies":[{"name":"wp","href":"https:\/\/api.w.org\/{rel}","templated":true}]}}