{"id":73472,"date":"2018-11-18T13:03:19","date_gmt":"2018-11-18T16:03:19","guid":{"rendered":"http:\/\/www.caririemacao.com\/1\/?p=73472"},"modified":"2018-11-18T13:03:19","modified_gmt":"2018-11-18T16:03:19","slug":"daniella-pede-sensatez-no-debate-do-escola-sem-partido","status":"publish","type":"post","link":"https:\/\/www.caririemacao.com\/1\/2018\/11\/18\/daniella-pede-sensatez-no-debate-do-escola-sem-partido\/","title":{"rendered":"Daniella pede sensatez no debate do escola sem partido"},"content":{"rendered":"<p>A deputada estadual e senadora eleita, Daniella Ribeiro (Progressistas), pediu bom senso nas discuss\u00f5es sobre o \u2018escola sem partido\u2019.<\/p>\n<p>A parlamentar revelou preocupa\u00e7\u00e3o sobre o tema pol\u00eamico e alegou que existem muitos outros assuntos que deveriam est\u00e1 sendo debatidos na Educa\u00e7\u00e3o ao inv\u00e9s de est\u00e1 tratando de ideologias nas escolas.<\/p>\n<p>\u201cA discuss\u00e3o que deveria est\u00e1 em pauta era a quest\u00e3o do analfabetismo, da educa\u00e7\u00e3o b\u00e1sica que temos n\u00fameros alarmantes e que nos colocam infinitamente menores em\u00a0 ganhos na \u00e1rea e isso penaliza a nossa economia. Quando estamos discutido escolas em partido estamos esquecendo que crian\u00e7as est\u00e3o nesse momento nas escolas apenas para ter uma merenda. E quando t\u00eam a merenda n\u00e3o t\u00eam a qualifica\u00e7\u00e3o ou educa\u00e7\u00e3o necess\u00e1ria para saber ler e ter inser\u00e7\u00e3o no mundo que elas precisam\u201d, argumentou.<\/p>\n<p>Daniella revelou preocupa\u00e7\u00e3o com a \u2018morda\u00e7a\u2019, mas lembrou de hostilidades sofridas por ela quando estudante por pertencer a fam\u00edlia com milit\u00e2ncia pol\u00edtica. Para ela, a discuss\u00e3o dever\u00e1 ser ampla, pois tamb\u00e9m j\u00e1 existem, por outro lado, movimentos criando o \u2018igreja sem partido\u2019.<\/p>\n<p>\u201cExiste sim, uma parte forte em querer impor ideologia. Eu estive na universidade e sei muito bem o que passei em determinadas disciplinas. Tamb\u00e9m ainda no ensino cient\u00edfico tinha que ouvir determinadas coisas. Acho que tudo na vida \u00e9 o bom senso e o equil\u00edbrio. Tenho medo tamb\u00e9m da morda\u00e7a porque tamb\u00e9m j\u00e1 est\u00e3o querendo formar\u00a0 a igreja sem partido que j\u00e1 \u00e9 esp\u00e9cie de retalia\u00e7\u00e3o\u201d, destacou.<\/p>\n<p style=\"text-align: right;\"><strong><em>MaisPB\/Foto: Internet\u00a0<\/em><\/strong><\/p>\n","protected":false},"excerpt":{"rendered":"<p>A deputada estadual e senadora eleita, Daniella Ribeiro (Progressistas), pediu bom senso nas discuss\u00f5es sobre o \u2018escola sem partido\u2019. A parlamentar revelou preocupa\u00e7\u00e3o sobre o&hellip; <\/p>\n","protected":false},"author":1,"featured_media":58396,"comment_status":"closed","ping_status":"closed","sticky":false,"template":"","format":"standard","meta":{"sfsi_plus_gutenberg_text_before_share":"","sfsi_plus_gutenberg_show_text_before_share":"","sfsi_plus_gutenberg_icon_type":"","sfsi_plus_gutenberg_icon_alignemt":"","sfsi_plus_gutenburg_max_per_row":"","footnotes":""},"categories":[11],"tags":[],"class_list":["post-73472","post","type-post","status-publish","format-standard","has-post-thumbnail","hentry","category-politica"],"_links":{"self":[{"href":"https:\/\/www.caririemacao.com\/1\/wp-json\/wp\/v2\/posts\/73472","targetHints":{"allow":["GET"]}}],"collection":[{"href":"https:\/\/www.caririemacao.com\/1\/wp-json\/wp\/v2\/posts"}],"about":[{"href":"https:\/\/www.caririemacao.com\/1\/wp-json\/wp\/v2\/types\/post"}],"author":[{"embeddable":true,"href":"https:\/\/www.caririemacao.com\/1\/wp-json\/wp\/v2\/users\/1"}],"replies":[{"embeddable":true,"href":"https:\/\/www.caririemacao.com\/1\/wp-json\/wp\/v2\/comments?post=73472"}],"version-history":[{"count":1,"href":"https:\/\/www.caririemacao.com\/1\/wp-json\/wp\/v2\/posts\/73472\/revisions"}],"predecessor-version":[{"id":73473,"href":"https:\/\/www.caririemacao.com\/1\/wp-json\/wp\/v2\/posts\/73472\/revisions\/73473"}],"wp:featuredmedia":[{"embeddable":true,"href":"https:\/\/www.caririemacao.com\/1\/wp-json\/wp\/v2\/media\/58396"}],"wp:attachment":[{"href":"https:\/\/www.caririemacao.com\/1\/wp-json\/wp\/v2\/media?parent=73472"}],"wp:term":[{"taxonomy":"category","embeddable":true,"href":"https:\/\/www.caririemacao.com\/1\/wp-json\/wp\/v2\/categories?post=73472"},{"taxonomy":"post_tag","embeddable":true,"href":"https:\/\/www.caririemacao.com\/1\/wp-json\/wp\/v2\/tags?post=73472"}],"curies":[{"name":"wp","href":"https:\/\/api.w.org\/{rel}","templated":true}]}}