{"id":73474,"date":"2018-11-18T13:06:22","date_gmt":"2018-11-18T16:06:22","guid":{"rendered":"http:\/\/www.caririemacao.com\/1\/?p=73474"},"modified":"2018-11-18T13:06:22","modified_gmt":"2018-11-18T16:06:22","slug":"sertao-da-pb-tera-dificuldades-sem-cubanos","status":"publish","type":"post","link":"https:\/\/www.caririemacao.com\/1\/2018\/11\/18\/sertao-da-pb-tera-dificuldades-sem-cubanos\/","title":{"rendered":"Sert\u00e3o da PB ter\u00e1 dificuldades sem cubanos"},"content":{"rendered":"<p>A sa\u00edda dos m\u00e9dicos cubanos do programa Mais M\u00e9dicos (MM) vai afetar diretamente o Sert\u00e3o da Para\u00edba. De acordo com o tutor do programa na Para\u00edba, Felipe Pro\u00eancio, a regi\u00e3o ficar\u00e1 sem qualquer assist\u00eancia e passar\u00e1 por \u2018extrema dificuldade\u2019. As declara\u00e7\u00f5es foram dadas pelo professor no programa Arapuan Verdade da \u00faltima sexta-feira (16).<\/p>\n<p>Segundo o pesquisador, as \u00e1reas mais distantes do estado s\u00e3o as que mais v\u00e3o sofrer sem a presen\u00e7a dos m\u00e9dicos. \u201cA parcela que mais precisa vai ficar desassistida\u201d, analisou. O Sert\u00e3o e demais \u00e1reas de dif\u00edcil acesso ter\u00e3o problemas para atendimentos.<\/p>\n<p>Ainda de acordo com Pro\u00eancio, 440 mil pessoas s\u00e3o alcan\u00e7adas pelo programa no estado, que contava com cerca de 130 profissionais de Cuba.\u00a0 Ele argumenta que o MM foi capaz de viabilizar o atendimento m\u00e9dico em \u00e1reas que antes n\u00e3o costumava ter.\u00a0\u00a0\u201cQuem adoecia e morria por n\u00e3o ter atendimento, hoje tem\u201d, explica.<\/p>\n<p>No Brasil, cerca de 340 m\u00e9dicos trabalham nas \u00e1reas ind\u00edgenas. O professor relata que deste total, 310 costumavam ser m\u00e9dicos cubanos.\u00a0Agora, o futuro dos locais ainda \u00e9 incerto.<\/p>\n<p>Nessa semana, mais de 190 m\u00e9dicos j\u00e1 retornaram para Cuba \u2013 um deles trabalhava no munic\u00edpio de Mana\u00edra, na Para\u00edba. De acordo com a embaixada do pa\u00eds, todos os m\u00e9dicos ir\u00e3o deixar o Brasil em at\u00e9 40 dias.<\/p>\n<p style=\"text-align: right;\"><em><strong>MaisPB<\/strong><\/em><\/p>\n","protected":false},"excerpt":{"rendered":"<p>A sa\u00edda dos m\u00e9dicos cubanos do programa Mais M\u00e9dicos (MM) vai afetar diretamente o Sert\u00e3o da Para\u00edba. De acordo com o tutor do programa na&hellip; <\/p>\n","protected":false},"author":1,"featured_media":28337,"comment_status":"closed","ping_status":"closed","sticky":false,"template":"","format":"standard","meta":{"sfsi_plus_gutenberg_text_before_share":"","sfsi_plus_gutenberg_show_text_before_share":"","sfsi_plus_gutenberg_icon_type":"","sfsi_plus_gutenberg_icon_alignemt":"","sfsi_plus_gutenburg_max_per_row":"","footnotes":""},"categories":[16],"tags":[],"class_list":["post-73474","post","type-post","status-publish","format-standard","has-post-thumbnail","hentry","category-saude"],"_links":{"self":[{"href":"https:\/\/www.caririemacao.com\/1\/wp-json\/wp\/v2\/posts\/73474","targetHints":{"allow":["GET"]}}],"collection":[{"href":"https:\/\/www.caririemacao.com\/1\/wp-json\/wp\/v2\/posts"}],"about":[{"href":"https:\/\/www.caririemacao.com\/1\/wp-json\/wp\/v2\/types\/post"}],"author":[{"embeddable":true,"href":"https:\/\/www.caririemacao.com\/1\/wp-json\/wp\/v2\/users\/1"}],"replies":[{"embeddable":true,"href":"https:\/\/www.caririemacao.com\/1\/wp-json\/wp\/v2\/comments?post=73474"}],"version-history":[{"count":1,"href":"https:\/\/www.caririemacao.com\/1\/wp-json\/wp\/v2\/posts\/73474\/revisions"}],"predecessor-version":[{"id":73475,"href":"https:\/\/www.caririemacao.com\/1\/wp-json\/wp\/v2\/posts\/73474\/revisions\/73475"}],"wp:featuredmedia":[{"embeddable":true,"href":"https:\/\/www.caririemacao.com\/1\/wp-json\/wp\/v2\/media\/28337"}],"wp:attachment":[{"href":"https:\/\/www.caririemacao.com\/1\/wp-json\/wp\/v2\/media?parent=73474"}],"wp:term":[{"taxonomy":"category","embeddable":true,"href":"https:\/\/www.caririemacao.com\/1\/wp-json\/wp\/v2\/categories?post=73474"},{"taxonomy":"post_tag","embeddable":true,"href":"https:\/\/www.caririemacao.com\/1\/wp-json\/wp\/v2\/tags?post=73474"}],"curies":[{"name":"wp","href":"https:\/\/api.w.org\/{rel}","templated":true}]}}