{"id":73476,"date":"2018-11-18T13:12:14","date_gmt":"2018-11-18T16:12:14","guid":{"rendered":"http:\/\/www.caririemacao.com\/1\/?p=73476"},"modified":"2018-11-18T13:12:14","modified_gmt":"2018-11-18T16:12:14","slug":"saude-dos-paraibanos-custa-r250-por-dia-diz-cfm","status":"publish","type":"post","link":"https:\/\/www.caririemacao.com\/1\/2018\/11\/18\/saude-dos-paraibanos-custa-r250-por-dia-diz-cfm\/","title":{"rendered":"Sa\u00fade dos paraibanos custa R$2,50 por dia, diz CFM"},"content":{"rendered":"<div class=\"mc-column content-text active-extra-styles active-capital-letter\" data-block-type=\"unstyled\" data-block-weight=\"48\" data-block-id=\"2\">\n<p class=\"content-text__container theme-color-primary-first-letter\" data-track-category=\"Link no Texto\" data-track-links=\"\">O valor di\u00e1rio gasto pelo Poder P\u00fablico com cada habitante da Para\u00edba \u00e9 de R$ 2,50. A informa\u00e7\u00e3o \u00e9 de um levantamento feito pelo Conselho Federal de Medicina (CFM).\u00a0<a href=\"https:\/\/portal.cfm.org.br\/index.php?option=com_content&amp;view=article&amp;id=27963:2018-11-12-18-36-26&amp;catid=3_\" target=\"_blank\" rel=\"noopener\">De acordo com o relat\u00f3rio, em 2017 as despesas da sa\u00fade por habitante no estado foram de R$ 912,11<\/a>.<\/p>\n<\/div>\n<div class=\"wall protected-content\">\n<div class=\"mc-column content-text active-extra-styles \" data-block-type=\"unstyled\" data-block-weight=\"37\" data-block-id=\"3\">\n<p class=\"content-text__container \" data-track-category=\"Link no Texto\" data-track-links=\"\">A quantia gasta no estado est\u00e1 abaixo da nacional que \u00e9 de R$ 1.271,65 e corresponde a R$ 3,48 di\u00e1rios. Nos 26 estados brasileiros, o valor varia entre<strong>\u00a0<\/strong>R$ 703,67, no Par\u00e1 e R$ 1.771,13, em Roraima.<\/p>\n<\/div>\n<div class=\"mc-column content-text active-extra-styles \" data-block-type=\"unstyled\" data-block-weight=\"71\" data-block-id=\"4\">\n<p class=\"content-text__container \" data-track-category=\"Link no Texto\" data-track-links=\"\">A Para\u00edba ficou na 18\u00aa posi\u00e7\u00e3o entre os outros estados. O estudo foi feito com levantamentos das esferas municipal, estadual e federal com base em 2017. Segundo a (CMF), a pesquisa \u00e9 resultado da soma dos \u201crecursos de impostos e transfer\u00eancias constitucionais da Uni\u00e3o a cada uma dos estados e do que \u00e9 dispensado por eles e pelos munic\u00edpios, com recursos pr\u00f3prios para pagamento de a\u00e7\u00f5es e servi\u00e7os p\u00fablicos de sa\u00fade\u201d.<\/p>\n<\/div>\n<div class=\"mc-column content-text active-extra-styles \" data-block-type=\"unstyled\" data-block-weight=\"28\" data-block-id=\"5\">\n<p class=\"content-text__container \" data-track-category=\"Link no Texto\" data-track-links=\"\">Em nota, o Minist\u00e9rio da sa\u00fade questiona a metodologia utilizada durante o estudo e garante que o n\u00famero apresenta um aumento acima da infla\u00e7\u00e3o desde o ano 2000.<\/p>\n<\/div>\n<div data-track-category=\"fim do conteudo\" data-track-action=\"ultimo chunk conteudo\" data-track-noninteraction=\"false\" data-track-scroll=\"entrada completa viewport\">\n<div class=\"mc-column content-text active-extra-styles \" data-block-type=\"unstyled\" data-block-weight=\"52\" data-block-id=\"6\">\n<p class=\"content-text__container \" data-track-category=\"Link no Texto\" data-track-links=\"\">\u201cEm dez anos, os valores executados do or\u00e7amento da pasta cresceram 133%, passando de R$ 54,1 bilh\u00f5es, em 2008, para R$ 126,1 bilh\u00f5es, em 2017, sendo a infla\u00e7\u00e3o do per\u00edodo de cerca de 80%. Neste ano, o or\u00e7amento do Minist\u00e9rio da Sa\u00fade est\u00e1 na ordem de R$ 131 bilh\u00f5es\u201d, refor\u00e7a a publica\u00e7\u00e3o.<\/p>\n<p style=\"text-align: right;\" data-track-category=\"Link no Texto\" data-track-links=\"\"><em><strong>G1PB\/Foto: Internet\u00a0<\/strong><\/em><\/p>\n<\/div>\n<\/div>\n<\/div>\n","protected":false},"excerpt":{"rendered":"<p>O valor di\u00e1rio gasto pelo Poder P\u00fablico com cada habitante da Para\u00edba \u00e9 de R$ 2,50. A informa\u00e7\u00e3o \u00e9 de um levantamento feito pelo Conselho&hellip; <\/p>\n","protected":false},"author":1,"featured_media":9972,"comment_status":"closed","ping_status":"closed","sticky":false,"template":"","format":"standard","meta":{"sfsi_plus_gutenberg_text_before_share":"","sfsi_plus_gutenberg_show_text_before_share":"","sfsi_plus_gutenberg_icon_type":"","sfsi_plus_gutenberg_icon_alignemt":"","sfsi_plus_gutenburg_max_per_row":"","footnotes":""},"categories":[16],"tags":[],"class_list":["post-73476","post","type-post","status-publish","format-standard","has-post-thumbnail","hentry","category-saude"],"_links":{"self":[{"href":"https:\/\/www.caririemacao.com\/1\/wp-json\/wp\/v2\/posts\/73476","targetHints":{"allow":["GET"]}}],"collection":[{"href":"https:\/\/www.caririemacao.com\/1\/wp-json\/wp\/v2\/posts"}],"about":[{"href":"https:\/\/www.caririemacao.com\/1\/wp-json\/wp\/v2\/types\/post"}],"author":[{"embeddable":true,"href":"https:\/\/www.caririemacao.com\/1\/wp-json\/wp\/v2\/users\/1"}],"replies":[{"embeddable":true,"href":"https:\/\/www.caririemacao.com\/1\/wp-json\/wp\/v2\/comments?post=73476"}],"version-history":[{"count":2,"href":"https:\/\/www.caririemacao.com\/1\/wp-json\/wp\/v2\/posts\/73476\/revisions"}],"predecessor-version":[{"id":73478,"href":"https:\/\/www.caririemacao.com\/1\/wp-json\/wp\/v2\/posts\/73476\/revisions\/73478"}],"wp:featuredmedia":[{"embeddable":true,"href":"https:\/\/www.caririemacao.com\/1\/wp-json\/wp\/v2\/media\/9972"}],"wp:attachment":[{"href":"https:\/\/www.caririemacao.com\/1\/wp-json\/wp\/v2\/media?parent=73476"}],"wp:term":[{"taxonomy":"category","embeddable":true,"href":"https:\/\/www.caririemacao.com\/1\/wp-json\/wp\/v2\/categories?post=73476"},{"taxonomy":"post_tag","embeddable":true,"href":"https:\/\/www.caririemacao.com\/1\/wp-json\/wp\/v2\/tags?post=73476"}],"curies":[{"name":"wp","href":"https:\/\/api.w.org\/{rel}","templated":true}]}}