{"id":73482,"date":"2018-11-18T13:19:18","date_gmt":"2018-11-18T16:19:18","guid":{"rendered":"http:\/\/www.caririemacao.com\/1\/?p=73482"},"modified":"2018-11-18T13:19:18","modified_gmt":"2018-11-18T16:19:18","slug":"hemocentro-realiza-atividades-em-comemoracao-ao-dia-nacional-do-doador-de-sangue","status":"publish","type":"post","link":"https:\/\/www.caririemacao.com\/1\/2018\/11\/18\/hemocentro-realiza-atividades-em-comemoracao-ao-dia-nacional-do-doador-de-sangue\/","title":{"rendered":"Hemocentro realiza atividades em comemora\u00e7\u00e3o ao Dia Nacional do Doador de Sangue"},"content":{"rendered":"<p>O Hemocentro da Para\u00edba vai promover\u00a0coletas externas e atividades educativas e l\u00fadicas em escolas, faculdades, instituto de educa\u00e7\u00e3o, hospital e shopping em comemora\u00e7\u00e3o\u00a0ao Dia Nacional do Doador Volunt\u00e1rio de Sangue, celebrado no dia 25 deste m\u00eas.\u00a0 As a\u00e7\u00f5es ser\u00e3o realizadas a partir da pr\u00f3xima quarta-feira (21) at\u00e9 o domingo (25), em Jo\u00e3o Pessoa, Itabaiana e Cabedelo.<\/p>\n<p>Para a diretora-geral do Hemocentro, Luciana Vieira,\u00a0a data, al\u00e9m de homenagear as pessoas que doam sangue, tamb\u00e9m serve para informar e sensibilizar a popula\u00e7\u00e3o sobre a import\u00e2ncia de ser um doador regular de sangue. \u201cPrecisamos expandir essa compreens\u00e3o e doar sangue de forma regular, volunt\u00e1ria e solid\u00e1ria. O sangue \u00e9 insubstitu\u00edvel, por isso, as doa\u00e7\u00f5es s\u00e3o fundamentais o ano inteiro\u201d, afirmou Luciana.<\/p>\n<div class=\"td-a-rec td-a-rec-id-content_inline  \">Na abertura das atividades, no dia 21, o Hemocentro promover\u00e1 o Minicurso \u2018Doadores do Futuro\u2019 no Instituto Federal da Para\u00edba (IFPB) de Cabedelo. A a\u00e7\u00e3o ser\u00e1 voltada para os alunos da institui\u00e7\u00e3o que fica na Rua Duque de Caxias, S\/N, no Centro, das 9 \u00e0s 11h.<\/div>\n<p>J\u00e1 no dia 22, ser\u00e1 realizada uma Coleta Externa de Sangue na cidade de Itabaiana. A atividade vai acontecer\u00a0na Escola Polit\u00e9cnica de Sa\u00fade Cristo Rei, localizada na Rua C\u00f4nego Tranquilino N\u00ba 121, Centro, das 9 \u00e0s 16h.<\/p>\n<p>Em Jo\u00e3o Pessoa, ainda no dia 22, haver\u00e1 palestra educativa na Faculdade Internacional da Para\u00edba (FPB), \u00e0s 8h, e\u00a0panfletagem e sensibiliza\u00e7\u00e3o em prol da doa\u00e7\u00e3o de sangue no Shopping Mana\u00edra, das 13h \u00e0s 16h30.<\/p>\n<p>No dia 23, na sede do Hemocentro da Para\u00edba, na Avenida Pedro II, 119, est\u00e3o programadas homenagens aos doadores e parceiros de Caravanas Solid\u00e1rias.\u00a0No total, 34 pessoas receber\u00e3o homenagens.<\/p>\n<p>Entre os homenageados, estar\u00e3o doadores do sexo masculino, com 47 a 65 doa\u00e7\u00f5es, e mulheres, com 19 a 24 doa\u00e7\u00f5es, al\u00e9m de uma jovem que, ao completar 16 anos, comemorou a data realizando a primeira doa\u00e7\u00e3o de sangue.\u00a0Quem apoiou a causa do sangue, mobilizando amigos e colegas atrav\u00e9s da Caravana Solid\u00e1ria receber\u00e1 trof\u00e9us.<\/p>\n<p>A coordenadora do N\u00facleo de A\u00e7\u00f5es Estrat\u00e9gicas do Hemocentro-PB, Elaine Santana, explica que a Caravana Solid\u00e1ria \u00e9 uma forma de aproximar a popula\u00e7\u00e3o do Hemocentro e tamb\u00e9m de incentivar grupos de institui\u00e7\u00f5es p\u00fablicas e privadas a escolher a doa\u00e7\u00e3o de sangue como causa social.<\/p>\n<p>No dia 24, a programa\u00e7\u00e3o constar\u00e1 de uma Coleta Externa de Sangue, no Centro Esp\u00edrita Vianna de Carvalho, que fica na Rua Professor Joaquim Santiago, n\u00b070, bairro dos Expedicion\u00e1rios, na Capital paraibana.<\/p>\n<p>Encerrando as atividades, no dia 25, ser\u00e1 realizado o 1\u00b0 Passeio Cicl\u00edstico em prol da Doa\u00e7\u00e3o de Sangue.\u00a0O passeio cicl\u00edstico ter\u00e1 in\u00edcio \u00e0s 7h30, partindo do Hemocentro-PB em dire\u00e7\u00e3o ao Busto de Tamandar\u00e9\u00a0onde ser\u00e1 encerrado. A a\u00e7\u00e3o \u00e9 uma parceria entre Hemocentro, a ONG Doe Sangue-PB e o PB de Pr\u00eamios.<\/p>\n<p><strong>CAMPINA GRANDE<\/strong><\/p>\n<p>Em Campina Grande, o Hemocentro Regional vai festejar o Dia Nacional do Doador de Sangue no dia 26. A programa\u00e7\u00e3o ser\u00e1 divulgada em breve.<\/p>\n<p style=\"text-align: right;\"><em><b>Para\u00edba J\u00e1\/Foto: Internet\u00a0<\/b><\/em><\/p>\n","protected":false},"excerpt":{"rendered":"<p>O Hemocentro da Para\u00edba vai promover\u00a0coletas externas e atividades educativas e l\u00fadicas em escolas, faculdades, instituto de educa\u00e7\u00e3o, hospital e shopping em comemora\u00e7\u00e3o\u00a0ao Dia Nacional&hellip; <\/p>\n","protected":false},"author":1,"featured_media":20660,"comment_status":"closed","ping_status":"closed","sticky":false,"template":"","format":"standard","meta":{"sfsi_plus_gutenberg_text_before_share":"","sfsi_plus_gutenberg_show_text_before_share":"","sfsi_plus_gutenberg_icon_type":"","sfsi_plus_gutenberg_icon_alignemt":"","sfsi_plus_gutenburg_max_per_row":"","footnotes":""},"categories":[2],"tags":[],"class_list":["post-73482","post","type-post","status-publish","format-standard","has-post-thumbnail","hentry","category-geral"],"_links":{"self":[{"href":"https:\/\/www.caririemacao.com\/1\/wp-json\/wp\/v2\/posts\/73482","targetHints":{"allow":["GET"]}}],"collection":[{"href":"https:\/\/www.caririemacao.com\/1\/wp-json\/wp\/v2\/posts"}],"about":[{"href":"https:\/\/www.caririemacao.com\/1\/wp-json\/wp\/v2\/types\/post"}],"author":[{"embeddable":true,"href":"https:\/\/www.caririemacao.com\/1\/wp-json\/wp\/v2\/users\/1"}],"replies":[{"embeddable":true,"href":"https:\/\/www.caririemacao.com\/1\/wp-json\/wp\/v2\/comments?post=73482"}],"version-history":[{"count":1,"href":"https:\/\/www.caririemacao.com\/1\/wp-json\/wp\/v2\/posts\/73482\/revisions"}],"predecessor-version":[{"id":73483,"href":"https:\/\/www.caririemacao.com\/1\/wp-json\/wp\/v2\/posts\/73482\/revisions\/73483"}],"wp:featuredmedia":[{"embeddable":true,"href":"https:\/\/www.caririemacao.com\/1\/wp-json\/wp\/v2\/media\/20660"}],"wp:attachment":[{"href":"https:\/\/www.caririemacao.com\/1\/wp-json\/wp\/v2\/media?parent=73482"}],"wp:term":[{"taxonomy":"category","embeddable":true,"href":"https:\/\/www.caririemacao.com\/1\/wp-json\/wp\/v2\/categories?post=73482"},{"taxonomy":"post_tag","embeddable":true,"href":"https:\/\/www.caririemacao.com\/1\/wp-json\/wp\/v2\/tags?post=73482"}],"curies":[{"name":"wp","href":"https:\/\/api.w.org\/{rel}","templated":true}]}}