{"id":73484,"date":"2018-11-18T13:28:10","date_gmt":"2018-11-18T16:28:10","guid":{"rendered":"http:\/\/www.caririemacao.com\/1\/?p=73484"},"modified":"2018-11-18T13:28:10","modified_gmt":"2018-11-18T16:28:10","slug":"o-fim-pode-estar-proximo-secretario-geral-do-psdb-propoe-uniao-com-outras-siglas","status":"publish","type":"post","link":"https:\/\/www.caririemacao.com\/1\/2018\/11\/18\/o-fim-pode-estar-proximo-secretario-geral-do-psdb-propoe-uniao-com-outras-siglas\/","title":{"rendered":"O FIM PODE ESTAR PR\u00d3XIMO: Secret\u00e1rio-geral do PSDB prop\u00f5e uni\u00e3o com outras siglas"},"content":{"rendered":"<p style=\"text-align: left;\">Ap\u00f3s registrar em 2018 o pior desempenho eleitoral de sua hist\u00f3ria em uma elei\u00e7\u00e3o presidencial e perder 20 cadeiras na C\u00e2mara, o PSDB vai avaliar uma proposta de fus\u00e3o com outras siglas para disputar as pr\u00f3ximas elei\u00e7\u00f5es.<\/p>\n<p>A iniciativa ser\u00e1 apresentada pelo deputado federal Marcus Pestana (MG), secret\u00e1rio-geral do PSDB, \u00e0 dire\u00e7\u00e3o executiva da sigla. A ideia, segundo ele, \u00e9 que em maio os tucanos renovem o comando partid\u00e1rio e em seguida iniciem o processo.<\/p>\n<p>\u201cO PSDB tem que se reinventar depois de organizar a bagun\u00e7a. \u00c9 insustent\u00e1vel essa quadro partid\u00e1rio pulverizado. Defendo que, ap\u00f3s a renova\u00e7\u00e3o da dire\u00e7\u00e3o, abra-se uma interlocu\u00e7\u00e3o para um processo criativo de fus\u00e3o\u201d, disse Pestana.<\/p>\n<p>O deputado cita quatro siglas para a potencial fus\u00e3o: PPS, PSD, PV e DEM. Segundo Pestana, ainda \u00e9 cedo para dizer qual seria o modelo de fus\u00e3o e a autonomia que cada partido dentro da nova legenda.<\/p>\n<p>O combust\u00edvel que alimenta esse debate \u00e9 a proibi\u00e7\u00e3o de coliga\u00e7\u00e3o proporcional a partir das elei\u00e7\u00f5es municipais de 2020.<\/p>\n<p>Outra ideia colocada na mesa do PSDB \u00e9 formar uma federa\u00e7\u00e3o de partidos para aturarem em conjunto no Congresso e at\u00e9 nas pr\u00f3ximas elei\u00e7\u00f5es municipais.<\/p>\n<p>O presidente do DEM, ACM Neto, descarta a possibilidade de fus\u00e3o com o PSDB. \u201cIsso n\u00e3o est\u00e1 na pauta. Isso n\u00e3o passa nem perto de nossa perspectiva. Eu n\u00e3o cogitaria nenhuma hip\u00f3tese de fus\u00e3o com o PSDB neste momento\u201d, disse.<\/p>\n<p>Dirigentes de outros partidos tamb\u00e9m evitam, por ora, falar em fus\u00e3o. Avaliam que tudo vai depender do cen\u00e1rio em 2019 e da rela\u00e7\u00e3o das siglas com o presidente eleito, Jair Bolsonaro (PSL). Em car\u00e1ter reservado, por\u00e9m, reconhecem que a proibi\u00e7\u00e3o de coliga\u00e7\u00f5es deve empurrar muitos partidos para esse caminho.<\/p>\n<p style=\"text-align: right;\">\n<p><em><strong>Camisa Dez\/Foto: Internet\u00a0<\/strong><\/em><\/p>\n","protected":false},"excerpt":{"rendered":"<p>Ap\u00f3s registrar em 2018 o pior desempenho eleitoral de sua hist\u00f3ria em uma elei\u00e7\u00e3o presidencial e perder 20 cadeiras na C\u00e2mara, o PSDB vai avaliar&hellip; <\/p>\n","protected":false},"author":1,"featured_media":26462,"comment_status":"closed","ping_status":"closed","sticky":false,"template":"","format":"standard","meta":{"sfsi_plus_gutenberg_text_before_share":"","sfsi_plus_gutenberg_show_text_before_share":"","sfsi_plus_gutenberg_icon_type":"","sfsi_plus_gutenberg_icon_alignemt":"","sfsi_plus_gutenburg_max_per_row":"","footnotes":""},"categories":[2],"tags":[],"class_list":["post-73484","post","type-post","status-publish","format-standard","has-post-thumbnail","hentry","category-geral"],"_links":{"self":[{"href":"https:\/\/www.caririemacao.com\/1\/wp-json\/wp\/v2\/posts\/73484","targetHints":{"allow":["GET"]}}],"collection":[{"href":"https:\/\/www.caririemacao.com\/1\/wp-json\/wp\/v2\/posts"}],"about":[{"href":"https:\/\/www.caririemacao.com\/1\/wp-json\/wp\/v2\/types\/post"}],"author":[{"embeddable":true,"href":"https:\/\/www.caririemacao.com\/1\/wp-json\/wp\/v2\/users\/1"}],"replies":[{"embeddable":true,"href":"https:\/\/www.caririemacao.com\/1\/wp-json\/wp\/v2\/comments?post=73484"}],"version-history":[{"count":1,"href":"https:\/\/www.caririemacao.com\/1\/wp-json\/wp\/v2\/posts\/73484\/revisions"}],"predecessor-version":[{"id":73485,"href":"https:\/\/www.caririemacao.com\/1\/wp-json\/wp\/v2\/posts\/73484\/revisions\/73485"}],"wp:featuredmedia":[{"embeddable":true,"href":"https:\/\/www.caririemacao.com\/1\/wp-json\/wp\/v2\/media\/26462"}],"wp:attachment":[{"href":"https:\/\/www.caririemacao.com\/1\/wp-json\/wp\/v2\/media?parent=73484"}],"wp:term":[{"taxonomy":"category","embeddable":true,"href":"https:\/\/www.caririemacao.com\/1\/wp-json\/wp\/v2\/categories?post=73484"},{"taxonomy":"post_tag","embeddable":true,"href":"https:\/\/www.caririemacao.com\/1\/wp-json\/wp\/v2\/tags?post=73484"}],"curies":[{"name":"wp","href":"https:\/\/api.w.org\/{rel}","templated":true}]}}