{"id":73507,"date":"2018-11-18T14:42:25","date_gmt":"2018-11-18T17:42:25","guid":{"rendered":"http:\/\/www.caririemacao.com\/1\/?p=73507"},"modified":"2018-11-18T14:42:25","modified_gmt":"2018-11-18T17:42:25","slug":"nordeste-e-a-prioridade-no-comeco-da-gestao-de-jair-bolsonaro","status":"publish","type":"post","link":"https:\/\/www.caririemacao.com\/1\/2018\/11\/18\/nordeste-e-a-prioridade-no-comeco-da-gestao-de-jair-bolsonaro\/","title":{"rendered":"Nordeste \u00e9 a prioridade no come\u00e7o da gest\u00e3o de Jair Bolsonaro"},"content":{"rendered":"<p>\u00danica regi\u00e3o onde o presidente eleito teve vota\u00e7\u00e3o menor que a de Fernando Haddad (PT) no segundo turno, o Nordeste dever\u00e1 ganhar aten\u00e7\u00e3o especial da gest\u00e3o Jair Bolsonaro, afirma o futuro ministro do Gabinete de Seguran\u00e7a Institucional, general Augusto Heleno, conforme o jornal O Globo.<\/p>\n<div id=\"attachment_516916\" class=\"wp-caption aligncenter\"><img decoding=\"async\" class=\"wp-image-516916 size-full lazyload\" data-src=\"https:\/\/paraibaonline.com.br\/wp-content\/uploads\/2018\/10\/bolsonaro-4.jpg\" data-srcset=\"https:\/\/paraibaonline.com.br\/wp-content\/uploads\/2018\/10\/bolsonaro-4.jpg 800w, https:\/\/paraibaonline.com.br\/wp-content\/uploads\/2018\/10\/bolsonaro-4-567x378.jpg 567w\" alt=\"Foto: T\u00e2nia R\u00eago\/Ag\u00eancia Brasil\" src=\"data:image\/svg+xml;base64,PHN2ZyB3aWR0aD0iMSIgaGVpZ2h0PSIxIiB4bWxucz0iaHR0cDovL3d3dy53My5vcmcvMjAwMC9zdmciPjwvc3ZnPg==\" \/><\/p>\n<p class=\"wp-caption-text\">Foto: T\u00e2nia R\u00eago\/Ag\u00eancia Brasil<\/p>\n<\/div>\n<p>A ideia \u00e9 retomar obras paralisadas ou quase finalizadas das administra\u00e7\u00f5es petistas, como a transposi\u00e7\u00e3o do Rio S\u00e3o Francisco e a constru\u00e7\u00e3o da ferrovia Transnordestina, al\u00e9m de fazer projetos de irriga\u00e7\u00e3o.<\/p>\n<p>H\u00e1 a expectativa de quebrar resist\u00eancias de governadores de esquerda na regi\u00e3o.<\/p>\n<p>&nbsp;<\/p>\n<p>O Globo<\/p>\n","protected":false},"excerpt":{"rendered":"<p>\u00danica regi\u00e3o onde o presidente eleito teve vota\u00e7\u00e3o menor que a de Fernando Haddad (PT) no segundo turno, o Nordeste dever\u00e1 ganhar aten\u00e7\u00e3o especial da&hellip; <\/p>\n","protected":false},"author":1,"featured_media":72536,"comment_status":"closed","ping_status":"closed","sticky":false,"template":"","format":"standard","meta":{"sfsi_plus_gutenberg_text_before_share":"","sfsi_plus_gutenberg_show_text_before_share":"","sfsi_plus_gutenberg_icon_type":"","sfsi_plus_gutenberg_icon_alignemt":"","sfsi_plus_gutenburg_max_per_row":"","footnotes":""},"categories":[50,11],"tags":[],"class_list":["post-73507","post","type-post","status-publish","format-standard","has-post-thumbnail","hentry","category-destaque","category-politica"],"_links":{"self":[{"href":"https:\/\/www.caririemacao.com\/1\/wp-json\/wp\/v2\/posts\/73507","targetHints":{"allow":["GET"]}}],"collection":[{"href":"https:\/\/www.caririemacao.com\/1\/wp-json\/wp\/v2\/posts"}],"about":[{"href":"https:\/\/www.caririemacao.com\/1\/wp-json\/wp\/v2\/types\/post"}],"author":[{"embeddable":true,"href":"https:\/\/www.caririemacao.com\/1\/wp-json\/wp\/v2\/users\/1"}],"replies":[{"embeddable":true,"href":"https:\/\/www.caririemacao.com\/1\/wp-json\/wp\/v2\/comments?post=73507"}],"version-history":[{"count":1,"href":"https:\/\/www.caririemacao.com\/1\/wp-json\/wp\/v2\/posts\/73507\/revisions"}],"predecessor-version":[{"id":73508,"href":"https:\/\/www.caririemacao.com\/1\/wp-json\/wp\/v2\/posts\/73507\/revisions\/73508"}],"wp:featuredmedia":[{"embeddable":true,"href":"https:\/\/www.caririemacao.com\/1\/wp-json\/wp\/v2\/media\/72536"}],"wp:attachment":[{"href":"https:\/\/www.caririemacao.com\/1\/wp-json\/wp\/v2\/media?parent=73507"}],"wp:term":[{"taxonomy":"category","embeddable":true,"href":"https:\/\/www.caririemacao.com\/1\/wp-json\/wp\/v2\/categories?post=73507"},{"taxonomy":"post_tag","embeddable":true,"href":"https:\/\/www.caririemacao.com\/1\/wp-json\/wp\/v2\/tags?post=73507"}],"curies":[{"name":"wp","href":"https:\/\/api.w.org\/{rel}","templated":true}]}}