{"id":73511,"date":"2018-11-18T21:36:43","date_gmt":"2018-11-19T00:36:43","guid":{"rendered":"http:\/\/www.caririemacao.com\/1\/?p=73511"},"modified":"2018-11-18T21:36:43","modified_gmt":"2018-11-19T00:36:43","slug":"apos-perseguicao-policia-militar-rotam-aprender-veiculo-em-monteiro","status":"publish","type":"post","link":"https:\/\/www.caririemacao.com\/1\/2018\/11\/18\/apos-perseguicao-policia-militar-rotam-aprender-veiculo-em-monteiro\/","title":{"rendered":"Ap\u00f3s persegui\u00e7\u00e3o Policia militar ROTAM aprender ve\u00edculo em Monteiro"},"content":{"rendered":"<p>Ap\u00f3s uma persegui\u00e7\u00e3o a pol\u00edcia e a Rotam apreendeu um ve\u00edculo modelo corola de cor prata do PE na zona rural de Monteiro no cariri paraibano, na noite deste domingo (18).<\/p>\n<p>De acordo com informa\u00e7\u00f5es a persegui\u00e7\u00e3o come\u00e7ou na BR-412 na avenida cidade do Recife com trocas de tiros, seguiram nas media\u00e7\u00f5es da AABB, e s\u00f3 Vei parar ap\u00f3s os acusados abandonarem o ve\u00edculo, a pol\u00edcia n\u00e3o sabe informar quantos tinha no carro.<\/p>\n<p>O ve\u00edculo foi encaminhado para delegacia de pol\u00edcia civil para as medidas cab\u00edveis.<\/p>\n<p>At\u00e9 o momento ningu\u00e9m foi preso. Mais informa\u00e7\u00f5es dessa opera\u00e7\u00e3o a qualquer momento.<\/p>\n<p><strong>HORA1PB<\/strong><\/p>\n","protected":false},"excerpt":{"rendered":"<p>Ap\u00f3s uma persegui\u00e7\u00e3o a pol\u00edcia e a Rotam apreendeu um ve\u00edculo modelo corola de cor prata do PE na zona rural de Monteiro no cariri&hellip; <\/p>\n","protected":false},"author":1,"featured_media":73512,"comment_status":"closed","ping_status":"closed","sticky":false,"template":"","format":"standard","meta":{"sfsi_plus_gutenberg_text_before_share":"","sfsi_plus_gutenberg_show_text_before_share":"","sfsi_plus_gutenberg_icon_type":"","sfsi_plus_gutenberg_icon_alignemt":"","sfsi_plus_gutenburg_max_per_row":"","footnotes":""},"categories":[12],"tags":[],"class_list":["post-73511","post","type-post","status-publish","format-standard","has-post-thumbnail","hentry","category-policia"],"_links":{"self":[{"href":"https:\/\/www.caririemacao.com\/1\/wp-json\/wp\/v2\/posts\/73511","targetHints":{"allow":["GET"]}}],"collection":[{"href":"https:\/\/www.caririemacao.com\/1\/wp-json\/wp\/v2\/posts"}],"about":[{"href":"https:\/\/www.caririemacao.com\/1\/wp-json\/wp\/v2\/types\/post"}],"author":[{"embeddable":true,"href":"https:\/\/www.caririemacao.com\/1\/wp-json\/wp\/v2\/users\/1"}],"replies":[{"embeddable":true,"href":"https:\/\/www.caririemacao.com\/1\/wp-json\/wp\/v2\/comments?post=73511"}],"version-history":[{"count":1,"href":"https:\/\/www.caririemacao.com\/1\/wp-json\/wp\/v2\/posts\/73511\/revisions"}],"predecessor-version":[{"id":73513,"href":"https:\/\/www.caririemacao.com\/1\/wp-json\/wp\/v2\/posts\/73511\/revisions\/73513"}],"wp:featuredmedia":[{"embeddable":true,"href":"https:\/\/www.caririemacao.com\/1\/wp-json\/wp\/v2\/media\/73512"}],"wp:attachment":[{"href":"https:\/\/www.caririemacao.com\/1\/wp-json\/wp\/v2\/media?parent=73511"}],"wp:term":[{"taxonomy":"category","embeddable":true,"href":"https:\/\/www.caririemacao.com\/1\/wp-json\/wp\/v2\/categories?post=73511"},{"taxonomy":"post_tag","embeddable":true,"href":"https:\/\/www.caririemacao.com\/1\/wp-json\/wp\/v2\/tags?post=73511"}],"curies":[{"name":"wp","href":"https:\/\/api.w.org\/{rel}","templated":true}]}}