{"id":73514,"date":"2018-11-18T21:42:51","date_gmt":"2018-11-19T00:42:51","guid":{"rendered":"http:\/\/www.caririemacao.com\/1\/?p=73514"},"modified":"2018-11-18T21:42:51","modified_gmt":"2018-11-19T00:42:51","slug":"tragedia-apos-sete-horas-de-negociacao-homem-assassina-ex-mulher-e-se-mata-com-bebe-no-colo","status":"publish","type":"post","link":"https:\/\/www.caririemacao.com\/1\/2018\/11\/18\/tragedia-apos-sete-horas-de-negociacao-homem-assassina-ex-mulher-e-se-mata-com-bebe-no-colo\/","title":{"rendered":"TRAG\u00c9DIA: ap\u00f3s sete horas de negocia\u00e7\u00e3o homem assassina ex-mulher e se mata com beb\u00ea no colo"},"content":{"rendered":"<p><a href=\"https:\/\/i1.wp.com\/www.polemicaparaiba.com.br\/wp-content\/uploads\/2018\/11\/1542564770522.jpg\" rel=\"lightbox[408560]\"><img fetchpriority=\"high\" decoding=\"async\" class=\"alignnone  wp-image-408561\" title=\"TRAG\u00c9DIA: ap\u00f3s sete horas de negocia\u00e7\u00e3o homem assassina ex-mulher e se mata com beb\u00ea no colo\" src=\"https:\/\/i1.wp.com\/www.polemicaparaiba.com.br\/wp-content\/uploads\/2018\/11\/1542564770522.jpg?resize=620%2C349\" sizes=\"(max-width: 620px) 100vw, 620px\" srcset=\"https:\/\/i1.wp.com\/www.polemicaparaiba.com.br\/wp-content\/uploads\/2018\/11\/1542564770522.jpg?resize=300%2C169 300w, https:\/\/i1.wp.com\/www.polemicaparaiba.com.br\/wp-content\/uploads\/2018\/11\/1542564770522.jpg?resize=768%2C432 768w, https:\/\/i1.wp.com\/www.polemicaparaiba.com.br\/wp-content\/uploads\/2018\/11\/1542564770522.jpg?w=932 932w\" alt=\"1542564770522 300x169 - TRAG\u00c9DIA: ap\u00f3s sete horas de negocia\u00e7\u00e3o homem assassina ex-mulher e se mata com beb\u00ea no colo\" width=\"750\" height=\"420\" \/><\/a><\/p>\n<p>Depois de\u00a0sete horas de negocia\u00e7\u00f5es com a pol\u00edcia, um homem de 34 anos se suicidou com um tiro na cabe\u00e7a, com a filha de 1 ano e 7 meses no colo, depois de assassinar a ex-mulher de 22 anos, na madrugada deste domingo, 18, em Itapira, interior de S\u00e3o Paulo. A crian\u00e7a foi resgatada com ferimentos leves. Antes, o autor do crime, Marcos Roberto Parreira, usou o pr\u00f3prio pai como escudo contra a pol\u00edcia e amea\u00e7ou matar o beb\u00ea, caso os policiais invadissem a casa.<\/p>\n<p>A trag\u00e9dia familiar aconteceu na rua Benedito Ant\u00f4nio de Lima, no bairro Istor Luppi, loteamento popular, na periferia da cidade. Policiais militares foram acionados para atender um caso de briga familiar. Quando chegaram ao local, souberam que Marcos havia chegado de carro com a ex-mulher, Larissa Carolina Bernardo, e a arrastara para o interior de sua casa, junto com o beb\u00ea. Ele a tinha encontrado fazendo compras e a obrigou a entrar no carro. Larissa conseguiu usar o celular para pedir ajuda a familiares.<\/p>\n<p>Ao ver que o ex-cunhado estava exaltado e fazia amea\u00e7as, uma irm\u00e3 de Larissa acionou a pol\u00edcia. Viaturas da PM e da Guarda Municipal cercaram o im\u00f3vel. Parreira matou a ex-mulher a facadas e pedia que a pol\u00edcia ficasse afastada, ou mataria a filha do casal, Gabriele. No final da noite, o Grupo de A\u00e7\u00f5es T\u00e1ticas Especiais (Gate) assumiu as negocia\u00e7\u00f5es e conseguiu que agentes removessem o corpo de Larissa, que estava ca\u00edda no im\u00f3vel, j\u00e1 sem vida.<\/p>\n<p>Depois de negocia\u00e7\u00f5es tensas, a pol\u00edcia ouviu um disparo e invadiu o im\u00f3vel. Parreira havia se matado com um tiro na boca. A crian\u00e7a caiu, mas foi socorrida. Ela tinha um ferimento \u00e0 faca no bra\u00e7o e precisou ser medicada, mas passa bem. O beb\u00ea est\u00e1 sob os cuidados de familiares da m\u00e3e. A arma usada por Parreira, uma garrucha de cano longo, foi apreendida no local.<\/p>\n<div>\n<div><\/div>\n<\/div>\n<p>A Pol\u00edcia Civil de Itapira registrou o caso como c\u00e1rcere privado, feminic\u00eddio e suic\u00eddio. Conforme a pol\u00edcia, Parreira havia agredido a ex-mulher no \u00faltimo dia 28, mas, por ser per\u00edodo eleitoral \u2013 segundo turno das elei\u00e7\u00f5es -, ele n\u00e3o ficou preso. Ele j\u00e1 teria sido preso anteriormente, acusado de sequestrar uma mulher. Os corpos foram levados para o Instituto M\u00e9dico Legal (IML) de Mogi Gua\u00e7u. Larissa seria sepultada no fim da tarde, no Cemit\u00e9rio da Saudade, em Itapira.<\/p>\n<p><br clear=\"all\" \/><br clear=\"all\" \/><\/p>\n<p>Noticias ao minuto<\/p>\n","protected":false},"excerpt":{"rendered":"<p>Depois de\u00a0sete horas de negocia\u00e7\u00f5es com a pol\u00edcia, um homem de 34 anos se suicidou com um tiro na cabe\u00e7a, com a filha de 1&hellip; <\/p>\n","protected":false},"author":1,"featured_media":39138,"comment_status":"closed","ping_status":"closed","sticky":false,"template":"","format":"standard","meta":{"sfsi_plus_gutenberg_text_before_share":"","sfsi_plus_gutenberg_show_text_before_share":"","sfsi_plus_gutenberg_icon_type":"","sfsi_plus_gutenberg_icon_alignemt":"","sfsi_plus_gutenburg_max_per_row":"","footnotes":""},"categories":[12],"tags":[],"class_list":["post-73514","post","type-post","status-publish","format-standard","has-post-thumbnail","hentry","category-policia"],"_links":{"self":[{"href":"https:\/\/www.caririemacao.com\/1\/wp-json\/wp\/v2\/posts\/73514","targetHints":{"allow":["GET"]}}],"collection":[{"href":"https:\/\/www.caririemacao.com\/1\/wp-json\/wp\/v2\/posts"}],"about":[{"href":"https:\/\/www.caririemacao.com\/1\/wp-json\/wp\/v2\/types\/post"}],"author":[{"embeddable":true,"href":"https:\/\/www.caririemacao.com\/1\/wp-json\/wp\/v2\/users\/1"}],"replies":[{"embeddable":true,"href":"https:\/\/www.caririemacao.com\/1\/wp-json\/wp\/v2\/comments?post=73514"}],"version-history":[{"count":1,"href":"https:\/\/www.caririemacao.com\/1\/wp-json\/wp\/v2\/posts\/73514\/revisions"}],"predecessor-version":[{"id":73516,"href":"https:\/\/www.caririemacao.com\/1\/wp-json\/wp\/v2\/posts\/73514\/revisions\/73516"}],"wp:featuredmedia":[{"embeddable":true,"href":"https:\/\/www.caririemacao.com\/1\/wp-json\/wp\/v2\/media\/39138"}],"wp:attachment":[{"href":"https:\/\/www.caririemacao.com\/1\/wp-json\/wp\/v2\/media?parent=73514"}],"wp:term":[{"taxonomy":"category","embeddable":true,"href":"https:\/\/www.caririemacao.com\/1\/wp-json\/wp\/v2\/categories?post=73514"},{"taxonomy":"post_tag","embeddable":true,"href":"https:\/\/www.caririemacao.com\/1\/wp-json\/wp\/v2\/tags?post=73514"}],"curies":[{"name":"wp","href":"https:\/\/api.w.org\/{rel}","templated":true}]}}