{"id":73517,"date":"2018-11-18T21:49:53","date_gmt":"2018-11-19T00:49:53","guid":{"rendered":"http:\/\/www.caririemacao.com\/1\/?p=73517"},"modified":"2018-11-18T21:49:53","modified_gmt":"2018-11-19T00:49:53","slug":"prefeito-convida-medico-cubano-para-ser-secretario-da-saude","status":"publish","type":"post","link":"https:\/\/www.caririemacao.com\/1\/2018\/11\/18\/prefeito-convida-medico-cubano-para-ser-secretario-da-saude\/","title":{"rendered":"Prefeito convida m\u00e9dico cubano para ser secret\u00e1rio da Sa\u00fade"},"content":{"rendered":"<p>O prefeito de Chapada, Carlos Alzenir Catto (PDT), convidou o m\u00e9dico cubano Richel Collazo, que atua pelo programa Mais M\u00e9dicos na cidade do Norte do Rio Grande do Sul, para ser o secret\u00e1rio municipal de Sa\u00fade. O objetivo \u00e9 que ele siga na cidade, at\u00e9 que tenha o diploma revalidado, condi\u00e7\u00e3o para que possa atuar no pa\u00eds sem ter rela\u00e7\u00e3o com a iniciativa federal.<br \/>\nNa \u00faltima quarta (14), o Minist\u00e9rio da Sa\u00fade P\u00fablica de Cuba\u00a0anunciou a decis\u00e3o de deixar o programa Mais M\u00e9dicos, criado durante o governo da ex-presidente Dilma Rousseff, justificando que houve \u201cdeclara\u00e7\u00f5es amea\u00e7adoras e depreciativas\u201d do presidente eleito,\u00a0Jair Bolsonaro. No Rio Grande do Sul, a decis\u00e3o\u00a0deve afetar cerca de 1,8 milh\u00e3o de pacientes.<br \/>\nProcurado pelo\u00a0G1, Richel disse que n\u00e3o concederia entrevista, e afirmou que ainda n\u00e3o est\u00e1 definido se aceitar\u00e1 ou n\u00e3o o convite.<br \/>\n\u201cTomamos a decis\u00e3o logo depois da not\u00edcia da sa\u00edda dos m\u00e9dicos cubanos aqui do Brasil. O doutor Richel veio em 2014 e est\u00e1 muito bem inserido na comunidade. O pessoal tem gostado do atendimento dele. Para valoriz\u00e1-lo, decidimos convidar ainda na quarta-feira\u00a0[14]\u00a0para assumir a Secretaria da Sa\u00fade\u201d, disse o prefeito ao\u00a0G1.<br \/>\nCom cerca de 10 mil habitantes, Chapada tem apenas tr\u00eas m\u00e9dicos. Quando Richel deixar de atuar devido \u00e0 decis\u00e3o do governo cubano, ser\u00e3o apenas dois. Catto conta que a prefeitura tenta contratar mais tr\u00eas profissionais, chegando a oferecer um sal\u00e1rio de R$ 11 mil, mas esbarra na falta de interesse dos brasileiros em exercer a medicina na cidade.<br \/>\n\u201cN\u00e3o veio se inscrever ningu\u00e9m. Abri um edital oferecendo R$ 11 mil, e n\u00e3o veio ningu\u00e9m trabalhar em Chapada. E olha que \u00e9 uma cidade bonita, n\u00e3o tem barro quando chove, as ruas s\u00e3o asfaltadas\u2026 Imagina no interior do Brasil, no Nordeste, ou mesmo aqui no interior do Rio Grande do Sul\u201d, conta.<\/p>\n<p>A situa\u00e7\u00e3o j\u00e1 levou o pol\u00edtico a ir at\u00e9 Bras\u00edlia para pedir o envio de mais m\u00e9dicos \u00e0 cidade. Por isso, o prefeito lamenta a ruptura da parceria entre os dois pa\u00edses. \u201c\u00c9 uma perda muito grande a sa\u00edda dos m\u00e9dicos [cubanos] do Programa Mais M\u00e9dicos.\u201d<br \/>\nCatto conta que Richel se adaptou \u00e0 cidade, onde conheceu a atual esposa, e que os moradores t\u00eam aprovado o atendimento dele \u2013 inclusive familiares do pr\u00f3prio prefeito, que receberam cuidados do cubano. Caso o convite seja aceito, o caribenho vai substituir a vereadora Loiva Mirna Gauer, atual titular da pasta, que deve retornar \u00e0 C\u00e2mara Municipal antes do final do ano.<br \/>\n\u201cO perderemos como m\u00e9dico. Teremos um m\u00e9dico a menos atendendo a popula\u00e7\u00e3o. No momento em que ele tiver o diploma revalidado pelo Minist\u00e9rio da Sa\u00fade, ele pode trabalhar em Chapada, ou em qualquer lugar\u201d, declarou o prefeito.<\/p>\n<p><strong>Convite a venezuelanos<\/strong><\/p>\n<p>Em setembro, crian\u00e7as de Chapada receberam os imigrantes venezuelanos na cidade \u2014 Foto: F\u00e1bio Lehmen\/RBS TV<br \/>\nA Prefeitura de Chapada j\u00e1 havia demonstrado simpatia \u00e0 presen\u00e7a de estrangeiros em setembro, quando foi a primeira cidade ga\u00facha a\u00a0pedir para receber imigrantes venezuelanos. Ele diz que quase todos os estrangeiros que\u00a0chegaram \u00e0 cidade\u00a0est\u00e3o empregados, e as crian\u00e7as frequentam creches e escolas da cidade.<br \/>\n\u201cClaro que ainda\u00a0[est\u00e3o]\u00a0em fase de adapta\u00e7\u00e3o, mas as crian\u00e7as est\u00e3o todas em creche e escola em tempo integral, e entre os adultos, s\u00f3 n\u00e3o est\u00e1 trabalhado uma senhora amamentando, e mais um ou dois\u201d, afirma.<\/p>\n<p><br clear=\"all\" \/><br clear=\"all\" \/><\/p>\n<p>Fonte: G1<\/p>\n","protected":false},"excerpt":{"rendered":"<p>O prefeito de Chapada, Carlos Alzenir Catto (PDT), convidou o m\u00e9dico cubano Richel Collazo, que atua pelo programa Mais M\u00e9dicos na cidade do Norte do&hellip; <\/p>\n","protected":false},"author":1,"featured_media":73518,"comment_status":"closed","ping_status":"closed","sticky":false,"template":"","format":"standard","meta":{"sfsi_plus_gutenberg_text_before_share":"","sfsi_plus_gutenberg_show_text_before_share":"","sfsi_plus_gutenberg_icon_type":"","sfsi_plus_gutenberg_icon_alignemt":"","sfsi_plus_gutenburg_max_per_row":"","footnotes":""},"categories":[6],"tags":[],"class_list":["post-73517","post","type-post","status-publish","format-standard","has-post-thumbnail","hentry","category-cidades"],"_links":{"self":[{"href":"https:\/\/www.caririemacao.com\/1\/wp-json\/wp\/v2\/posts\/73517","targetHints":{"allow":["GET"]}}],"collection":[{"href":"https:\/\/www.caririemacao.com\/1\/wp-json\/wp\/v2\/posts"}],"about":[{"href":"https:\/\/www.caririemacao.com\/1\/wp-json\/wp\/v2\/types\/post"}],"author":[{"embeddable":true,"href":"https:\/\/www.caririemacao.com\/1\/wp-json\/wp\/v2\/users\/1"}],"replies":[{"embeddable":true,"href":"https:\/\/www.caririemacao.com\/1\/wp-json\/wp\/v2\/comments?post=73517"}],"version-history":[{"count":1,"href":"https:\/\/www.caririemacao.com\/1\/wp-json\/wp\/v2\/posts\/73517\/revisions"}],"predecessor-version":[{"id":73519,"href":"https:\/\/www.caririemacao.com\/1\/wp-json\/wp\/v2\/posts\/73517\/revisions\/73519"}],"wp:featuredmedia":[{"embeddable":true,"href":"https:\/\/www.caririemacao.com\/1\/wp-json\/wp\/v2\/media\/73518"}],"wp:attachment":[{"href":"https:\/\/www.caririemacao.com\/1\/wp-json\/wp\/v2\/media?parent=73517"}],"wp:term":[{"taxonomy":"category","embeddable":true,"href":"https:\/\/www.caririemacao.com\/1\/wp-json\/wp\/v2\/categories?post=73517"},{"taxonomy":"post_tag","embeddable":true,"href":"https:\/\/www.caririemacao.com\/1\/wp-json\/wp\/v2\/tags?post=73517"}],"curies":[{"name":"wp","href":"https:\/\/api.w.org\/{rel}","templated":true}]}}