{"id":73520,"date":"2018-11-18T21:57:05","date_gmt":"2018-11-19T00:57:05","guid":{"rendered":"http:\/\/www.caririemacao.com\/1\/?p=73520"},"modified":"2018-11-18T21:57:05","modified_gmt":"2018-11-19T00:57:05","slug":"bolsonaro-desconhece-acuacoes-sobre-tereza-e-diz-que-confia-nela","status":"publish","type":"post","link":"https:\/\/www.caririemacao.com\/1\/2018\/11\/18\/bolsonaro-desconhece-acuacoes-sobre-tereza-e-diz-que-confia-nela\/","title":{"rendered":"Bolsonaro desconhece acua\u00e7\u00f5es sobre Tereza e diz que confia nela"},"content":{"rendered":"<div class=\"space-20\">O presidente eleito, Jair Bolsonaro, disse h\u00e1 pouco desconhecer as informa\u00e7\u00f5es de que a futura ministra da Agricultura, Tereza Cristina, foi mencionada na dela\u00e7\u00e3o premiada dos executivos da JBS. Reportagem publicada hoje pela Folha de S.Paulo diz que a ministra da bancada ruralista, uma das primeiras escolhidas para o pr\u00f3ximo gabinete, concedeu incentivos fiscais e arrendou terras no Mato Grosso do Sul ao grupo JBS.<\/div>\n<div class=\"conteudo-noticia\">\n<div class=\"green-area t-left t-cont text-center\">\n<div class=\"anuncio\">\n<div id=\"div-gpt-ad-1493386374551-0\" data-google-query-id=\"COSmi7Kf394CFTTI4wcdaAIDbg\">\n<div id=\"google_ads_iframe_\/21685702823\/New_Sec_Conteudo_0__container__\">Segundo ele, a futuro ministra tem sua confian\u00e7a. &#8220;Eu tamb\u00e9m sou r\u00e9u no Supremo. Devo renunciar meu mandato? Ela j\u00e1 foi julgada? Apenas um processo foi apresentado? Eu desconhe\u00e7o. J\u00e1 fui representado umas 30 vezes na C\u00e2mara e n\u00e3o colou nenhuma. Afinal, sou ser humano e posso errar. Se qualquer ministro tiver uma acusa\u00e7\u00e3o grave, a gente toma uma provid\u00eancia. No momento ela tem toda a nossa confian\u00e7a&#8221;, disse.<\/div>\n<\/div>\n<\/div>\n<\/div>\n<p>&nbsp;<\/p>\n<p>Bolsonaro se encontrou com o c\u00f4nsul geral do dos Emirados \u00c1rabes Unidos, Ibrahim Al Alawi, na etapa do Rio de Janeiro do Grand Slam de Abu Dhabi, o maior torneio mundial do jiu-j\u00edtsu, que termina hoje.<\/p>\n<p>&nbsp;<\/p>\n<p>Ele chegou por volta de 11h30, conversou com o c\u00f4nsul, foi saudado pelas cerca de 200 pessoas que assistem \u00e0s disputas e participou da premia\u00e7\u00e3o de tr\u00eas atletas. &#8220;\u00c9 de extrema import\u00e2ncia aprofundarmos nossas rela\u00e7\u00f5es com os Emirados \u00c1rabes&#8221;, disse o presidente eleito, que recebeu um convite para visitar o pa\u00eds.<\/p>\n<\/div>\n","protected":false},"excerpt":{"rendered":"<p>O presidente eleito, Jair Bolsonaro, disse h\u00e1 pouco desconhecer as informa\u00e7\u00f5es de que a futura ministra da Agricultura, Tereza Cristina, foi mencionada na dela\u00e7\u00e3o premiada&hellip; <\/p>\n","protected":false},"author":1,"featured_media":73521,"comment_status":"closed","ping_status":"closed","sticky":false,"template":"","format":"standard","meta":{"sfsi_plus_gutenberg_text_before_share":"","sfsi_plus_gutenberg_show_text_before_share":"","sfsi_plus_gutenberg_icon_type":"","sfsi_plus_gutenberg_icon_alignemt":"","sfsi_plus_gutenburg_max_per_row":"","footnotes":""},"categories":[11],"tags":[],"class_list":["post-73520","post","type-post","status-publish","format-standard","has-post-thumbnail","hentry","category-politica"],"_links":{"self":[{"href":"https:\/\/www.caririemacao.com\/1\/wp-json\/wp\/v2\/posts\/73520","targetHints":{"allow":["GET"]}}],"collection":[{"href":"https:\/\/www.caririemacao.com\/1\/wp-json\/wp\/v2\/posts"}],"about":[{"href":"https:\/\/www.caririemacao.com\/1\/wp-json\/wp\/v2\/types\/post"}],"author":[{"embeddable":true,"href":"https:\/\/www.caririemacao.com\/1\/wp-json\/wp\/v2\/users\/1"}],"replies":[{"embeddable":true,"href":"https:\/\/www.caririemacao.com\/1\/wp-json\/wp\/v2\/comments?post=73520"}],"version-history":[{"count":1,"href":"https:\/\/www.caririemacao.com\/1\/wp-json\/wp\/v2\/posts\/73520\/revisions"}],"predecessor-version":[{"id":73522,"href":"https:\/\/www.caririemacao.com\/1\/wp-json\/wp\/v2\/posts\/73520\/revisions\/73522"}],"wp:featuredmedia":[{"embeddable":true,"href":"https:\/\/www.caririemacao.com\/1\/wp-json\/wp\/v2\/media\/73521"}],"wp:attachment":[{"href":"https:\/\/www.caririemacao.com\/1\/wp-json\/wp\/v2\/media?parent=73520"}],"wp:term":[{"taxonomy":"category","embeddable":true,"href":"https:\/\/www.caririemacao.com\/1\/wp-json\/wp\/v2\/categories?post=73520"},{"taxonomy":"post_tag","embeddable":true,"href":"https:\/\/www.caririemacao.com\/1\/wp-json\/wp\/v2\/tags?post=73520"}],"curies":[{"name":"wp","href":"https:\/\/api.w.org\/{rel}","templated":true}]}}