{"id":73525,"date":"2018-11-18T22:02:38","date_gmt":"2018-11-19T01:02:38","guid":{"rendered":"http:\/\/www.caririemacao.com\/1\/?p=73525"},"modified":"2018-11-18T22:02:38","modified_gmt":"2018-11-19T01:02:38","slug":"meteorologista-preve-que-2019-sera-um-ano-de-boas-chuvas-para-a-pb","status":"publish","type":"post","link":"https:\/\/www.caririemacao.com\/1\/2018\/11\/18\/meteorologista-preve-que-2019-sera-um-ano-de-boas-chuvas-para-a-pb\/","title":{"rendered":"Meteorologista prev\u00ea que 2019 ser\u00e1 um ano de boas chuvas para a PB"},"content":{"rendered":"<p>Com quase meio s\u00e9culo de experi\u00eancia em estudos do clima no planeta, o meteorologista Luiz Carlos Molion, aposentado pela Universidade Federal de Alagoas, afirma que, de acordo com o m\u00e9todo de previs\u00e3o por similaridade, 2019 ser\u00e1 um ano de inverno favor\u00e1vel na Para\u00edba, embora o Sert\u00e3o do Estado ainda possa sofrer com uma redu\u00e7\u00e3o nas precipita\u00e7\u00f5es, de 15 a 20% abaixo da m\u00e9dia hist\u00f3rica.<\/p>\n<div class=\"green-area t-left t-cont text-center\">\n<div class=\"anuncio\">\n<div id=\"div-gpt-ad-1493386374551-0\" data-google-query-id=\"CM7v5Oqg394CFRJqwQodaAsDAg\">\n<div id=\"google_ads_iframe_\/21685702823\/New_Sec_Conteudo_0__container__\">\u201cTenho notado que as frentes frias est\u00e3o chegando at\u00e9 a regi\u00e3o equatorial e, nessas circunst\u00e2ncias, h\u00e1 tend\u00eancias de se ter na Para\u00edba e no Rio Grande do Norte chuvas na m\u00e9dia ou at\u00e9 acima do normal. Eu diria que 2019 n\u00e3o deve ser um ano muito cr\u00edtico, nada parecido com o que j\u00e1 passamos em 2015, 2016 e 2017, que foi o per\u00edodo mais seco dos \u00faltimos 20 anos\u201d, afirma Molion.<\/div>\n<\/div>\n<\/div>\n<\/div>\n<p>&nbsp;<\/p>\n<p>O meteorologista prev\u00ea ainda que 2020 seja o ano de \u201csalva\u00e7\u00e3o da lavoura\u201d, pois embora 2018 e 2019 sejam anos chuvosos, a seca que perdurou por mais de seis anos deixou resqu\u00edcios na maior parte dos reservat\u00f3rios do Estado. Al\u00e9m disso, segundo dados repassados pela Aesa, entre o dia 1\u00ba de janeiro e 30 de novembro, a Para\u00edba registrou precipita\u00e7\u00f5es um pouco abaixo da m\u00e9dia hist\u00f3rica, embora tenha chovido nos 223 munic\u00edpios do Estado.<\/p>\n<p>&nbsp;<\/p>\n<p>Os \u00faltimos dados da ag\u00eancia d\u00e3o conta que apenas um a\u00e7ude est\u00e1 sangrando na Para\u00edba, enquanto 33 est\u00e3o em situa\u00e7\u00e3o cr\u00edtica (com menos de 5% do seu volume total), 38 em observa\u00e7\u00e3o (menos de 20% do volume total) e 56 com capacidade superior a 20%.<\/p>\n","protected":false},"excerpt":{"rendered":"<p>Com quase meio s\u00e9culo de experi\u00eancia em estudos do clima no planeta, o meteorologista Luiz Carlos Molion, aposentado pela Universidade Federal de Alagoas, afirma que,&hellip; <\/p>\n","protected":false},"author":1,"featured_media":10089,"comment_status":"closed","ping_status":"closed","sticky":false,"template":"","format":"standard","meta":{"sfsi_plus_gutenberg_text_before_share":"","sfsi_plus_gutenberg_show_text_before_share":"","sfsi_plus_gutenberg_icon_type":"","sfsi_plus_gutenberg_icon_alignemt":"","sfsi_plus_gutenburg_max_per_row":"","footnotes":""},"categories":[50,2],"tags":[],"class_list":["post-73525","post","type-post","status-publish","format-standard","has-post-thumbnail","hentry","category-destaque","category-geral"],"_links":{"self":[{"href":"https:\/\/www.caririemacao.com\/1\/wp-json\/wp\/v2\/posts\/73525","targetHints":{"allow":["GET"]}}],"collection":[{"href":"https:\/\/www.caririemacao.com\/1\/wp-json\/wp\/v2\/posts"}],"about":[{"href":"https:\/\/www.caririemacao.com\/1\/wp-json\/wp\/v2\/types\/post"}],"author":[{"embeddable":true,"href":"https:\/\/www.caririemacao.com\/1\/wp-json\/wp\/v2\/users\/1"}],"replies":[{"embeddable":true,"href":"https:\/\/www.caririemacao.com\/1\/wp-json\/wp\/v2\/comments?post=73525"}],"version-history":[{"count":1,"href":"https:\/\/www.caririemacao.com\/1\/wp-json\/wp\/v2\/posts\/73525\/revisions"}],"predecessor-version":[{"id":73526,"href":"https:\/\/www.caririemacao.com\/1\/wp-json\/wp\/v2\/posts\/73525\/revisions\/73526"}],"wp:featuredmedia":[{"embeddable":true,"href":"https:\/\/www.caririemacao.com\/1\/wp-json\/wp\/v2\/media\/10089"}],"wp:attachment":[{"href":"https:\/\/www.caririemacao.com\/1\/wp-json\/wp\/v2\/media?parent=73525"}],"wp:term":[{"taxonomy":"category","embeddable":true,"href":"https:\/\/www.caririemacao.com\/1\/wp-json\/wp\/v2\/categories?post=73525"},{"taxonomy":"post_tag","embeddable":true,"href":"https:\/\/www.caririemacao.com\/1\/wp-json\/wp\/v2\/tags?post=73525"}],"curies":[{"name":"wp","href":"https:\/\/api.w.org\/{rel}","templated":true}]}}