{"id":73527,"date":"2018-11-18T22:06:56","date_gmt":"2018-11-19T01:06:56","guid":{"rendered":"http:\/\/www.caririemacao.com\/1\/?p=73527"},"modified":"2018-11-18T22:06:56","modified_gmt":"2018-11-19T01:06:56","slug":"aids-em-idosos-na-paraiba-tem-queda-de-56-em-2018","status":"publish","type":"post","link":"https:\/\/www.caririemacao.com\/1\/2018\/11\/18\/aids-em-idosos-na-paraiba-tem-queda-de-56-em-2018\/","title":{"rendered":"Aids em idosos na Para\u00edba tem queda de 56% em 2018"},"content":{"rendered":"<p>Atualmente, carca de 35 milh\u00f5es de pessoas vivem com o v\u00edrus do HIV em todo o mundo, segundo o relat\u00f3rio da Unaids, um programa conjunto das Na\u00e7\u00f5es Unidas para combate ao HIV e Aids. No Estado, desde 2016 cercade 90 idosos, entre homens e mulheres, foram diagnosticados com HIV e Aids, sendo certificado apenas uma morte em decorr\u00eancia do v\u00edrus.<\/p>\n<div class=\"green-area t-left t-cont text-center\">\n<div class=\"anuncio\">\n<div id=\"div-gpt-ad-1493386374551-0\" data-google-query-id=\"CLKWqd2h394CFcZuwQodd_cAMw\">\n<div id=\"google_ads_iframe_\/21685702823\/New_Sec_Conteudo_0__container__\">Segundo dados da Secretaria de Sa\u00fade do Estado, 14 casos foram notificados esse ano, apresentando uma queda de 56% comparada ao mesmo per\u00edodo do ano passado Respons\u00e1vel por atacar o sistema imunol\u00f3gico e deixar o corpo suscet\u00edvel a in\u00fameras infec\u00e7\u00f5es, a Aids \u00e9 causada pelo V\u00edrus da Imunodefici\u00eancia Humana (HIV), transmitido durante o ato sexual e ainda sem cura. Nem todos os portadores do v\u00edrus desenvolvem a doen\u00e7a no decorrer da vida e, apesar do crescimento envolver jovens entre 14 e 29 anos, as taxas envolvendo idosos \u00e9 preocupante, pois o v\u00edrus \u00e9 ainda mais agressivo em um corpo mais debilitado.<\/div>\n<\/div>\n<\/div>\n<\/div>\n<p>&nbsp;<\/p>\n<p>O Conselho Municipal da Pessoa Idosa \u00e9 o \u00f3rg\u00e3o respons\u00e1vel por desenvolver pol\u00edticas, programas e projetos que colaboram para a participa\u00e7\u00e3o da pessoa idosa na fam\u00edlia e na sociedade, principalmente orienta\u00e7\u00f5es voltadas para a sexualidade nessa fase da vida.<\/p>\n<p>&nbsp;<\/p>\n<p>A presidente do conselho, Nelsonete Gon\u00e7alves, afirma que o trabalho para conscientiza\u00e7\u00e3o e orienta\u00e7\u00e3o dos idosos \u00e9 feito regularmente, principalmente ap\u00f3s o aumento significativo da doen\u00e7a na \u00faltima d\u00e9cada. No in\u00edcio do m\u00eas passado, em homenagem ao Outubro Rosa, foi realizado o simp\u00f3sio contra o c\u00e2ncer de mama feminino e masculino, com orienta\u00e7\u00f5es voltadas para os perigos da n\u00e3o utiliza\u00e7\u00e3o de preservativos a as consequ\u00eancias das doen\u00e7as sexualmente transmiss\u00edveis, como o v\u00edrus do HIV e a Aids.<\/p>\n<p>&nbsp;<\/p>\n<p>\u201c\u00c9 muito dif\u00edcil para a popula\u00e7\u00e3o idosa ter consci\u00eancia sobre o uso do preservativo, principalmente para os homens que utilizam estimulantes sexuais. A campanha se torna ainda mais esquecida para as mulheres, visto que s\u00e3o consideradas assexuadas e inativas por n\u00e3o poderem gerar filhos, mas acontece que a maioria das transmiss\u00f5es ocorre quando os parceiros t\u00eam a rela\u00e7\u00e3o desprotegida fora de casa e transmite para as esposas\u201d, ressaltou.<\/p>\n<p>&nbsp;<\/p>\n<p>Em todo o Estado &#8211; Em 2016, atrav\u00e9s da Secretaria de Sa\u00fade do Estado, o teste r\u00e1pido para s\u00edfilis, HIV, hepatites B e C foi implantando em 223 munic\u00edpios da Para\u00edba. O SAE &#8211; Servi\u00e7o de Aten\u00e7\u00e3o Especializada faz a distribui\u00e7\u00e3o de medicamentos em unidades espec\u00edficas para pessoas diagnosticadas e que estejam em tratamento, al\u00e9m disso, oferece servi\u00e7os ambulatoriais dispon\u00edveis para toda a popula\u00e7\u00e3o.<\/p>\n<p>&nbsp;<\/p>\n","protected":false},"excerpt":{"rendered":"<p>Atualmente, carca de 35 milh\u00f5es de pessoas vivem com o v\u00edrus do HIV em todo o mundo, segundo o relat\u00f3rio da Unaids, um programa conjunto&hellip; <\/p>\n","protected":false},"author":1,"featured_media":28009,"comment_status":"closed","ping_status":"closed","sticky":false,"template":"","format":"standard","meta":{"sfsi_plus_gutenberg_text_before_share":"","sfsi_plus_gutenberg_show_text_before_share":"","sfsi_plus_gutenberg_icon_type":"","sfsi_plus_gutenberg_icon_alignemt":"","sfsi_plus_gutenburg_max_per_row":"","footnotes":""},"categories":[16],"tags":[],"class_list":["post-73527","post","type-post","status-publish","format-standard","has-post-thumbnail","hentry","category-saude"],"_links":{"self":[{"href":"https:\/\/www.caririemacao.com\/1\/wp-json\/wp\/v2\/posts\/73527","targetHints":{"allow":["GET"]}}],"collection":[{"href":"https:\/\/www.caririemacao.com\/1\/wp-json\/wp\/v2\/posts"}],"about":[{"href":"https:\/\/www.caririemacao.com\/1\/wp-json\/wp\/v2\/types\/post"}],"author":[{"embeddable":true,"href":"https:\/\/www.caririemacao.com\/1\/wp-json\/wp\/v2\/users\/1"}],"replies":[{"embeddable":true,"href":"https:\/\/www.caririemacao.com\/1\/wp-json\/wp\/v2\/comments?post=73527"}],"version-history":[{"count":1,"href":"https:\/\/www.caririemacao.com\/1\/wp-json\/wp\/v2\/posts\/73527\/revisions"}],"predecessor-version":[{"id":73528,"href":"https:\/\/www.caririemacao.com\/1\/wp-json\/wp\/v2\/posts\/73527\/revisions\/73528"}],"wp:featuredmedia":[{"embeddable":true,"href":"https:\/\/www.caririemacao.com\/1\/wp-json\/wp\/v2\/media\/28009"}],"wp:attachment":[{"href":"https:\/\/www.caririemacao.com\/1\/wp-json\/wp\/v2\/media?parent=73527"}],"wp:term":[{"taxonomy":"category","embeddable":true,"href":"https:\/\/www.caririemacao.com\/1\/wp-json\/wp\/v2\/categories?post=73527"},{"taxonomy":"post_tag","embeddable":true,"href":"https:\/\/www.caririemacao.com\/1\/wp-json\/wp\/v2\/tags?post=73527"}],"curies":[{"name":"wp","href":"https:\/\/api.w.org\/{rel}","templated":true}]}}