{"id":73530,"date":"2018-11-18T22:17:10","date_gmt":"2018-11-19T01:17:10","guid":{"rendered":"http:\/\/www.caririemacao.com\/1\/?p=73530"},"modified":"2018-11-18T22:17:10","modified_gmt":"2018-11-19T01:17:10","slug":"entenda-lei-que-garante-substituicao-e-gratuidade-de-produtos-com-validade-vencida","status":"publish","type":"post","link":"https:\/\/www.caririemacao.com\/1\/2018\/11\/18\/entenda-lei-que-garante-substituicao-e-gratuidade-de-produtos-com-validade-vencida\/","title":{"rendered":"Entenda lei que garante substitui\u00e7\u00e3o e gratuidade de produtos com validade vencida"},"content":{"rendered":"<p>A Secretaria Municipal de Prote\u00e7\u00e3o e Defesa do Consumidor (Procon-JP) est\u00e1 realizando campanha de esclarecimento junto aos consumidores sobre a lei estadual 9.773\/2012, a qual prev\u00ea que, quando o consumidor escolher um alimento em mercados e supermercados e constatar que o prazo de validade est\u00e1 vencido, ter\u00e1 um produto da mesma esp\u00e9cie e mais outro, gr\u00e1tis.<\/p>\n<p>O secret\u00e1rio Helton Ren\u00ea explica que j\u00e1 houve confus\u00e3o por parte dos consumidores quanto \u00e0 quantidade de produtos que devem ser levados sem que se pague por eles. \u201cNa verdade, a lei j\u00e1 estabelece uma puni\u00e7\u00e3o antecipada ao estabelecimento quando ele exp\u00f5e alimentos com a validade vencida, obrigando-o a trocar o produto e dando mais um \u00e0 pessoa que fez o \u2018flagra\u2019. O consumidor tem direito a apenas mais um\u201d.<\/p>\n<p>Dentro da lei 9.773\/2102, tamb\u00e9m est\u00e3o as padarias, farm\u00e1cias, drogarias e similares. \u201cEstes estabelecimentos tamb\u00e9m est\u00e3o inclu\u00eddos dentro da lei. Nossa campanha educativa se estende tamb\u00e9m a estes locais\u201d, disse o secret\u00e1rio do Procon-JP.<\/p>\n<p>Helton Ren\u00ea acrescenta que as pessoas sempre prestem aten\u00e7\u00e3o a essa quest\u00e3o e n\u00e3o ingiram alimentos ou medicamentos quando estiverem com a data de validade vencida porque o risco \u00e0 sa\u00fade \u00e9 muito grande. \u201cE sempre procurem os \u00f3rg\u00e3os de defesa do consumidor para registrarem a den\u00fancia\u201d, aconselha o titular do Procon-JP.<\/p>\n","protected":false},"excerpt":{"rendered":"<p>A Secretaria Municipal de Prote\u00e7\u00e3o e Defesa do Consumidor (Procon-JP) est\u00e1 realizando campanha de esclarecimento junto aos consumidores sobre a lei estadual 9.773\/2012, a qual&hellip; <\/p>\n","protected":false},"author":1,"featured_media":73531,"comment_status":"closed","ping_status":"closed","sticky":false,"template":"","format":"standard","meta":{"sfsi_plus_gutenberg_text_before_share":"","sfsi_plus_gutenberg_show_text_before_share":"","sfsi_plus_gutenberg_icon_type":"","sfsi_plus_gutenberg_icon_alignemt":"","sfsi_plus_gutenburg_max_per_row":"","footnotes":""},"categories":[2],"tags":[],"class_list":["post-73530","post","type-post","status-publish","format-standard","has-post-thumbnail","hentry","category-geral"],"_links":{"self":[{"href":"https:\/\/www.caririemacao.com\/1\/wp-json\/wp\/v2\/posts\/73530","targetHints":{"allow":["GET"]}}],"collection":[{"href":"https:\/\/www.caririemacao.com\/1\/wp-json\/wp\/v2\/posts"}],"about":[{"href":"https:\/\/www.caririemacao.com\/1\/wp-json\/wp\/v2\/types\/post"}],"author":[{"embeddable":true,"href":"https:\/\/www.caririemacao.com\/1\/wp-json\/wp\/v2\/users\/1"}],"replies":[{"embeddable":true,"href":"https:\/\/www.caririemacao.com\/1\/wp-json\/wp\/v2\/comments?post=73530"}],"version-history":[{"count":1,"href":"https:\/\/www.caririemacao.com\/1\/wp-json\/wp\/v2\/posts\/73530\/revisions"}],"predecessor-version":[{"id":73532,"href":"https:\/\/www.caririemacao.com\/1\/wp-json\/wp\/v2\/posts\/73530\/revisions\/73532"}],"wp:featuredmedia":[{"embeddable":true,"href":"https:\/\/www.caririemacao.com\/1\/wp-json\/wp\/v2\/media\/73531"}],"wp:attachment":[{"href":"https:\/\/www.caririemacao.com\/1\/wp-json\/wp\/v2\/media?parent=73530"}],"wp:term":[{"taxonomy":"category","embeddable":true,"href":"https:\/\/www.caririemacao.com\/1\/wp-json\/wp\/v2\/categories?post=73530"},{"taxonomy":"post_tag","embeddable":true,"href":"https:\/\/www.caririemacao.com\/1\/wp-json\/wp\/v2\/tags?post=73530"}],"curies":[{"name":"wp","href":"https:\/\/api.w.org\/{rel}","templated":true}]}}