{"id":73534,"date":"2018-11-18T22:25:39","date_gmt":"2018-11-19T01:25:39","guid":{"rendered":"http:\/\/www.caririemacao.com\/1\/?p=73534"},"modified":"2018-11-18T22:25:39","modified_gmt":"2018-11-19T01:25:39","slug":"bolsonaro-diz-que-prefeitos-demitiram-medicos-para-ficar-com-cubanos","status":"publish","type":"post","link":"https:\/\/www.caririemacao.com\/1\/2018\/11\/18\/bolsonaro-diz-que-prefeitos-demitiram-medicos-para-ficar-com-cubanos\/","title":{"rendered":"Bolsonaro diz que prefeitos demitiram m\u00e9dicos para ficar com cubanos"},"content":{"rendered":"<p>O presidente eleito,\u00a0<strong>Jair Bolsonaro<\/strong>, respondeu neste domingo \u00e0s cr\u00edticas de munic\u00edpios que v\u00e3o ficar sem profissionais da sa\u00fade ap\u00f3s o governo de Cuba sair do Programa <strong>Mais M\u00e9dicos<\/strong> . Dos 3.228 munic\u00edpios atendidos pelo programa, 611 correm risco de ficar sem nenhum profissional na rede p\u00fablica a partir do Natal. Segundo Mauro Junqueira, presidente do Conselho Nacional de Secretarias municipais de Sa\u00fade (Conasems), esse \u00e9 o n\u00famero de munic\u00edpios que s\u00f3 possuem m\u00e9dicos cubanos.<\/p>\n<div id=\"pub-in-text\" class=\"outstream clearfix\" data-google-query-id=\"COb20N_F3t4CFUMNhgodFS8CbA\">\n<div id=\"google_ads_iframe_\/85042905\/info.web.oglobo\/brasil\/materia_1__container__\"><\/div>\n<\/div>\n<p>Em entrevista durante visita a uma competi\u00e7\u00e3o de jiu-jitsu no Rio, Bolsonaro n\u00e3o informou como pretende substituir os profissionais cubanos e disse que muitas prefeituras demitiram seus profissionais para ficar com cubanos, sem informar quais munic\u00edpios.<\/p>\n<aside class=\"article-related-links \">\n<div class=\"article-related-links__container\">\n<div class=\"article-related-links__content\"><\/div>\n<\/div>\n<\/aside>\n<p>\u2014 N\u00e3o podemos admitir escravos cubanos no Brasil. N\u00e3o podemos continuar alimentando a ditadura cubana. Se n\u00f3s dermos o tratamento adequado, isso vai ser resolvido. E tem mais, tem prefeitura que mandou embora seu m\u00e9dico para pegar o cubano e quer ficar livre da responsabilidade.<\/p>\n<p>Questionado sobre como pretende fazer a substitui\u00e7\u00e3o, Bolsonaro disse que ainda n\u00e3o assumiu o cargo.<\/p>\n<p>\u2014 N\u00e3o podemos ser coniventes com trabalho an\u00e1logo \u00e0 escravid\u00e3o. Eu n\u00e3o sou presidente. Dia primeiro (de janeiro) n\u00f3s vamos apresentar o rem\u00e9dio, se bem que o governo Temer j\u00e1 est\u00e1 trabalhando nesse sentido \u2014\u00a0 disse Bolsonaro.<\/p>\n<p>Bolsonaro tamb\u00e9m defendeu sua escolha para o Minist\u00e9rio da Agricultura, a deputada Tereza Cristina (DEM-MS). O jornal &#8220;Folha de S. Paulo&#8221; noticiou neste domingo que a futura ministra concedeu benef\u00edcios fiscais \u00e0 JBS no mesmo per\u00edodo em que foi secret\u00e1ria estadual de Desenvolvimento Agr\u00e1rio e Produ\u00e7\u00e3o do MS.<\/p>\n<p>\u2014 Eu tamb\u00e9m sou r\u00e9u no Supremo. E da\u00ed? Tenho que renunciar a meu mandato? Desconhe\u00e7o (a informa\u00e7\u00e3o de que Teresa Cristina concedeu benef\u00edcios fiscais). Ela j\u00e1 foi julgada? Apenas um processo foi apresentado. Muitas vezes se apresenta, como j\u00e1 fui representado umas 30 vezes na C\u00e2mara. N\u00e3o colou nenhum. Afinal de contas sou um ser humano, e posso errar. E se algum ministro cometer algum erro grave, a gente toma provid\u00eancias. No momento, ela goza de toda confian\u00e7a nossa \u2014 afirmou o presidente eleito.<\/p>\n<section class=\"block block--advertising\">\n<div class=\"block__advertising\">\n<div class=\"block__advertising-header\">Ele tamb\u00e9m informou que continuar\u00e1 nessa semana a fazer uma s\u00e9rie de visitas protocolares a institui\u00e7\u00f5es em Bras\u00edlia e que na sexta-feira far\u00e1 exames, em S\u00e3o Paulo, para a realiza\u00e7\u00e3o da cirurgia para a retirada da bolsa de colostomia, marcada para o dia 12 de dezembro.<\/div>\n<\/div>\n<\/section>\n<p>Bolsonaro comentou ainda sobre as inconsist\u00eancias detectadas na presta\u00e7\u00e3o de contas da campanha dele no Tribunal Superior Eleitoral (TSE). Ele defendeu que tudo j\u00e1 foi respondido.<\/p>\n<p>\u2014 J\u00e1 foram todas rebatidas (as inconsist\u00eancias). Tem algumas que foram falhas do pr\u00f3prio TSE e j\u00e1 foram apresentadas as raz\u00f5es da defesa. Tenho certeza de que n\u00e3o vai ter nenhum problema n\u00e3o. \u00c9 a campanha mais pobre da hist\u00f3ria do Brasil.<\/p>\n<p>O evento do qual Bolsonaro participou, Abu Dhabi Grand Slam Jiu-Jitsu World Tour \u2014 realizado pela Federa\u00e7\u00e3o de Jiu-Jitsu dos Emirados \u00c1rabes Unidos (UAEJJF), em parceria com a Federa\u00e7\u00e3o Brasileira de Jiu-Jitsu (FBJJ) \u2014 \u00e9 a maior competi\u00e7\u00e3o de Jiu-Jitsu da Am\u00e9rica Latina.<\/p>\n<p>Na volta para casa, o presidente eleito parou no quiosque da Nan\u00e1, pr\u00f3ximo \u00e0 resid\u00eancia dele, na orla da Barra da Tijuca, e cumprimentou e tirou selfies com eleitores.<\/p>\n<p class=\"noticia_fonte\">O Globo<\/p>\n","protected":false},"excerpt":{"rendered":"<p>O presidente eleito,\u00a0Jair Bolsonaro, respondeu neste domingo \u00e0s cr\u00edticas de munic\u00edpios que v\u00e3o ficar sem profissionais da sa\u00fade ap\u00f3s o governo de Cuba sair do&hellip; <\/p>\n","protected":false},"author":1,"featured_media":24116,"comment_status":"closed","ping_status":"closed","sticky":false,"template":"","format":"standard","meta":{"sfsi_plus_gutenberg_text_before_share":"","sfsi_plus_gutenberg_show_text_before_share":"","sfsi_plus_gutenberg_icon_type":"","sfsi_plus_gutenberg_icon_alignemt":"","sfsi_plus_gutenburg_max_per_row":"","footnotes":""},"categories":[6],"tags":[],"class_list":["post-73534","post","type-post","status-publish","format-standard","has-post-thumbnail","hentry","category-cidades"],"_links":{"self":[{"href":"https:\/\/www.caririemacao.com\/1\/wp-json\/wp\/v2\/posts\/73534","targetHints":{"allow":["GET"]}}],"collection":[{"href":"https:\/\/www.caririemacao.com\/1\/wp-json\/wp\/v2\/posts"}],"about":[{"href":"https:\/\/www.caririemacao.com\/1\/wp-json\/wp\/v2\/types\/post"}],"author":[{"embeddable":true,"href":"https:\/\/www.caririemacao.com\/1\/wp-json\/wp\/v2\/users\/1"}],"replies":[{"embeddable":true,"href":"https:\/\/www.caririemacao.com\/1\/wp-json\/wp\/v2\/comments?post=73534"}],"version-history":[{"count":1,"href":"https:\/\/www.caririemacao.com\/1\/wp-json\/wp\/v2\/posts\/73534\/revisions"}],"predecessor-version":[{"id":73535,"href":"https:\/\/www.caririemacao.com\/1\/wp-json\/wp\/v2\/posts\/73534\/revisions\/73535"}],"wp:featuredmedia":[{"embeddable":true,"href":"https:\/\/www.caririemacao.com\/1\/wp-json\/wp\/v2\/media\/24116"}],"wp:attachment":[{"href":"https:\/\/www.caririemacao.com\/1\/wp-json\/wp\/v2\/media?parent=73534"}],"wp:term":[{"taxonomy":"category","embeddable":true,"href":"https:\/\/www.caririemacao.com\/1\/wp-json\/wp\/v2\/categories?post=73534"},{"taxonomy":"post_tag","embeddable":true,"href":"https:\/\/www.caririemacao.com\/1\/wp-json\/wp\/v2\/tags?post=73534"}],"curies":[{"name":"wp","href":"https:\/\/api.w.org\/{rel}","templated":true}]}}