{"id":73545,"date":"2018-11-19T06:29:09","date_gmt":"2018-11-19T09:29:09","guid":{"rendered":"http:\/\/www.caririemacao.com\/1\/?p=73545"},"modified":"2018-11-19T06:29:09","modified_gmt":"2018-11-19T09:29:09","slug":"prefeitura-da-prata-vem-transformando-a-vida-do-homem-do-campo","status":"publish","type":"post","link":"https:\/\/www.caririemacao.com\/1\/2018\/11\/19\/prefeitura-da-prata-vem-transformando-a-vida-do-homem-do-campo\/","title":{"rendered":"PREFEITURA DA PRATA VEM TRANSFORMANDO A VIDA DO HOMEM DO CAMPO"},"content":{"rendered":"<div><b>Desde que assumiu a gest\u00e3o do munic\u00edpio da prata no ano de 2013, o prefeito\u00a0 Junior N\u00f3brega ,\u00a0 vem\u00a0 \u00a0fazendo\u00a0 uma\u00a0 verdadeira\u00a0 revolu\u00e7\u00e3o na\u00a0 zona\u00a0 rural.<\/b><\/div>\n<div><b>\u00a0<\/b><\/div>\n<div class=\"separator\"><a href=\"https:\/\/1.bp.blogspot.com\/-_qzxjXxWI2E\/W_IEpdhRRAI\/AAAAAAABRFI\/8BH5z8vJEvgBg4XLTETl0FLDFcAz-vLswCLcBGAs\/s1600\/DSCF0190.JPG\"><img fetchpriority=\"high\" decoding=\"async\" src=\"https:\/\/1.bp.blogspot.com\/-_qzxjXxWI2E\/W_IEpdhRRAI\/AAAAAAABRFI\/8BH5z8vJEvgBg4XLTETl0FLDFcAz-vLswCLcBGAs\/s320\/DSCF0190.JPG\" width=\"320\" height=\"240\" border=\"0\" data-original-height=\"1200\" data-original-width=\"1600\" \/><\/a><\/div>\n<div><b>\u00a0<\/b><\/div>\n<div><b>\u00a0<\/b><\/div>\n<div><\/div>\n<ul>\n<li><b>Foram\u00a0 mais\u00a0 de 180 pequenas\u00a0 barragens\u00a0 \u00a0constru\u00eddas\u00a0 \u00a0e\u00a0 reformadas\u00a0 em\u00a0 todas\u00a0 as\u00a0 comunidades\u00a0 do\u00a0 munic\u00edpio, a\u00a0 exemplo\u00a0 do\u00a0 Sr. Jurandir\u00a0 bia\u00a0 no\u00a0 sitio boa\u00a0 sorte,\u00a0 e\u00a0 do Sr,\u00a0 Antonio\u00a0 calado\u00a0 no\u00a0 sitio\u00a0 \u00a0balan\u00e7o, que\u00a0 viram seus\u00a0 sonhos\u00a0 transformando-se em realidades, a\u00e7\u00f5es j\u00e1 mais vistas neste\u00a0 munic\u00edpio.<\/b><\/li>\n<\/ul>\n<div><\/div>\n<div><b>\u00a0<\/b><\/div>\n<div><\/div>\n<ul>\n<li><b>Mais de 30 po\u00e7os artesianos foram perfurados, instalados e reformados, como tamb\u00e9m adutoras nas\u00a0 comunidades Pereiros, Lajinha, trazendo\u00a0 qualidade\u00a0 de\u00a0 vida e amenizando o sofrimento do homem do campo.<\/b><\/li>\n<\/ul>\n<p>&nbsp;<\/p>\n<div class=\"separator\"><\/div>\n<p>&nbsp;<\/p>\n<div class=\"separator\"><a href=\"https:\/\/2.bp.blogspot.com\/-rXzcWdvByjI\/W_IFf2thjEI\/AAAAAAABRFY\/fklyFbqNOJo5j56NKo0K5aoMf5Nu1dbpwCLcBGAs\/s1600\/20181108_120910.jpg\"><img decoding=\"async\" data-src=\"https:\/\/2.bp.blogspot.com\/-rXzcWdvByjI\/W_IFf2thjEI\/AAAAAAABRFY\/fklyFbqNOJo5j56NKo0K5aoMf5Nu1dbpwCLcBGAs\/s320\/20181108_120910.jpg\" width=\"320\" height=\"240\" border=\"0\" data-original-height=\"1200\" data-original-width=\"1600\" src=\"data:image\/svg+xml;base64,PHN2ZyB3aWR0aD0iMSIgaGVpZ2h0PSIxIiB4bWxucz0iaHR0cDovL3d3dy53My5vcmcvMjAwMC9zdmciPjwvc3ZnPg==\" class=\"lazyload\" style=\"--smush-placeholder-width: 320px; --smush-placeholder-aspect-ratio: 320\/240;\" \/><\/a><\/div>\n<div><b>\u00a0<\/b><\/div>\n<div><\/div>\n<ul>\n<li><b>Constru\u00e7\u00e3o de mais 20 casas em parceria com o governo federal em\u00a0 substitui\u00e7\u00e3o\u00a0 as\u00a0 antigas\u00a0 casas\u00a0 de\u00a0 taipas, praticamente extinguindo\u00a0 este\u00a0 tipo\u00a0 de\u00a0 moradia\u00a0 no\u00a0 munic\u00edpio, a\u00a0 exemplo\u00a0 de\u00a0 Dona\u00a0 F\u00f4fa\u00a0 e\u00a0 sua\u00a0 fam\u00edlia no sitio Gabriel, que hoje\u00a0 demonstra a\u00a0 felicidade de\u00a0 estarem todos\u00a0 protegidos.<\/b><\/li>\n<\/ul>\n<div class=\"separator\"><a href=\"https:\/\/2.bp.blogspot.com\/-ciuXguGKsmQ\/W_IF5yeh4oI\/AAAAAAABRFg\/fu_8z9oWN_wnjSdjjl4cnEM4EhCAhtu7gCLcBGAs\/s1600\/DSCF0580.JPG\"><img decoding=\"async\" data-src=\"https:\/\/2.bp.blogspot.com\/-ciuXguGKsmQ\/W_IF5yeh4oI\/AAAAAAABRFg\/fu_8z9oWN_wnjSdjjl4cnEM4EhCAhtu7gCLcBGAs\/s320\/DSCF0580.JPG\" width=\"320\" height=\"240\" border=\"0\" data-original-height=\"1200\" data-original-width=\"1600\" src=\"data:image\/svg+xml;base64,PHN2ZyB3aWR0aD0iMSIgaGVpZ2h0PSIxIiB4bWxucz0iaHR0cDovL3d3dy53My5vcmcvMjAwMC9zdmciPjwvc3ZnPg==\" class=\"lazyload\" style=\"--smush-placeholder-width: 320px; --smush-placeholder-aspect-ratio: 320\/240;\" \/><\/a><\/div>\n<div><b>\u00a0<\/b><\/div>\n<p>&nbsp;<\/p>\n<div><b>\u00a0<\/b><\/div>\n<div><\/div>\n<ul>\n<li><b>Em parceria com o Governo do Estado foram distribu\u00eddos mais de 50\u00a0 toneladas\u00a0 de\u00a0 feno\u00a0 aos\u00a0 pequenos\u00a0 produtores\u00a0 para\u00a0 que\u00a0 os\u00a0 seus\u00a0 rebanhos\u00a0 n\u00e3o\u00a0 fossem\u00a0 \u00a0totalmente\u00a0 dizimados\u00a0 pela\u00a0 seca\u00a0 que\u00a0 a\u00a0 anos assola\u00a0 nossa\u00a0 regi\u00e3o.<\/b><\/li>\n<\/ul>\n<p>&nbsp;<\/p>\n<div class=\"separator\"><a href=\"https:\/\/3.bp.blogspot.com\/-Y1aXshBIslQ\/W_IGZGihqxI\/AAAAAAABRFo\/EgttYCZ8Luo1Y9dzcCydw3QlriceFs8yACLcBGAs\/s1600\/IMG_20150821_091232666.jpg\"><img decoding=\"async\" data-src=\"https:\/\/3.bp.blogspot.com\/-Y1aXshBIslQ\/W_IGZGihqxI\/AAAAAAABRFo\/EgttYCZ8Luo1Y9dzcCydw3QlriceFs8yACLcBGAs\/s320\/IMG_20150821_091232666.jpg\" width=\"320\" height=\"240\" border=\"0\" data-original-height=\"1200\" data-original-width=\"1600\" src=\"data:image\/svg+xml;base64,PHN2ZyB3aWR0aD0iMSIgaGVpZ2h0PSIxIiB4bWxucz0iaHR0cDovL3d3dy53My5vcmcvMjAwMC9zdmciPjwvc3ZnPg==\" class=\"lazyload\" style=\"--smush-placeholder-width: 320px; --smush-placeholder-aspect-ratio: 320\/240;\" \/><\/a><\/div>\n<div><b>\u00a0<\/b><\/div>\n<div><\/div>\n<ul>\n<li><b>Ainda na linha\u00a0 de\u00a0 apoio\u00a0 ao\u00a0 homem\u00a0 do\u00a0 campo\u00a0 transformou\u00a0 em\u00a0 lei a\u00a0 ajuda\u00a0 de\u00a0 dez\u00a0 centavos\u00a0 por\u00a0 litro de\u00a0 leite\u00a0 de\u00a0 cabra produzido, sendo\u00a0 o\u00a0 pioneiro\u00a0 neste\u00a0 seguimento,\u00a0 distribu\u00edmos\u00a0 com as\u00a0 associa\u00e7\u00f5es reprodutores\u00a0 com\u00a0 aptid\u00e3o\u00a0 leiteira\u00a0 de\u00a0 alta\u00a0 linhagem.<\/b><\/li>\n<\/ul>\n<div class=\"separator\"><a href=\"https:\/\/1.bp.blogspot.com\/-7UxwLfdyFdw\/W_IGpfxGIEI\/AAAAAAABRFw\/CQqCA4_oySsj1G5Hgw0OomXjkpmtWECwwCLcBGAs\/s1600\/IMG_20150627_084501337.jpg\"><img decoding=\"async\" data-src=\"https:\/\/1.bp.blogspot.com\/-7UxwLfdyFdw\/W_IGpfxGIEI\/AAAAAAABRFw\/CQqCA4_oySsj1G5Hgw0OomXjkpmtWECwwCLcBGAs\/s320\/IMG_20150627_084501337.jpg\" width=\"320\" height=\"240\" border=\"0\" data-original-height=\"1200\" data-original-width=\"1600\" src=\"data:image\/svg+xml;base64,PHN2ZyB3aWR0aD0iMSIgaGVpZ2h0PSIxIiB4bWxucz0iaHR0cDovL3d3dy53My5vcmcvMjAwMC9zdmciPjwvc3ZnPg==\" class=\"lazyload\" style=\"--smush-placeholder-width: 320px; --smush-placeholder-aspect-ratio: 320\/240;\" \/><\/a><\/div>\n<div><b>\u00a0<\/b><\/div>\n<p>&nbsp;<\/p>\n<div><b>\u00a0<\/b><\/div>\n<div><\/div>\n<ul>\n<li><b>Junto ao Banco do Nordeste,\u00a0 liquidamos\u00a0 a divida\u00a0 de mais\u00a0 de 50\u00a0 pequenos produtores,\u00a0 tirando\u00a0 o\u00a0 munic\u00edpio e\u00a0 os\u00a0 produtores\u00a0 da\u00a0 lista\u00a0 de\u00a0 inadimpl\u00eancia, e deixando\u00a0 os\u00a0 mesmos\u00a0 aptos\u00a0 a\u00a0 contrair\u00a0 novos\u00a0 empr\u00e9stimos, sendo\u00a0 mais\u00a0 uma\u00a0 vez sendo protagonista\u00a0 com\u00a0 esta\u00a0 a\u00e7\u00e3o\u00a0 \u00a0in\u00e9dita\u00a0 em beneficio\u00a0 ao\u00a0 homem do\u00a0 campo.<\/b><\/li>\n<\/ul>\n<div><\/div>\n<div><b>\u00a0<\/b><\/div>\n<div><\/div>\n<ul>\n<li><b>Durante todos os 06 anos de gest\u00e3o todas\u00a0 as\u00a0 estradas\u00a0 \u00a0vicinais\u00a0 do\u00a0 munic\u00edpio sempre\u00a0 tiveram\u00a0 a\u00a0 manuten\u00e7\u00e3o\u00a0 necess\u00e1ria\u00a0 para\u00a0 estarem\u00a0 sempre\u00a0 em\u00a0 boas\u00a0 condi\u00e7\u00f5es\u00a0 de\u00a0 transito.<\/b><\/li>\n<\/ul>\n<div class=\"separator\"><a href=\"https:\/\/1.bp.blogspot.com\/-V9yjWAoYVyw\/W_IG8xV5PSI\/AAAAAAABRF8\/PCzjl6ySpXsFtdirDgC26QqP6BUWYgzoQCLcBGAs\/s1600\/DSCF1029.JPG\"><img decoding=\"async\" data-src=\"https:\/\/1.bp.blogspot.com\/-V9yjWAoYVyw\/W_IG8xV5PSI\/AAAAAAABRF8\/PCzjl6ySpXsFtdirDgC26QqP6BUWYgzoQCLcBGAs\/s200\/DSCF1029.JPG\" width=\"200\" height=\"150\" border=\"0\" data-original-height=\"1200\" data-original-width=\"1600\" src=\"data:image\/svg+xml;base64,PHN2ZyB3aWR0aD0iMSIgaGVpZ2h0PSIxIiB4bWxucz0iaHR0cDovL3d3dy53My5vcmcvMjAwMC9zdmciPjwvc3ZnPg==\" class=\"lazyload\" style=\"--smush-placeholder-width: 200px; --smush-placeholder-aspect-ratio: 200\/150;\" \/><\/a><\/div>\n<p>&nbsp;<\/p>\n<div class=\"separator\"><a href=\"https:\/\/3.bp.blogspot.com\/-Woenc7h3baU\/W_IG9FypoxI\/AAAAAAABRGA\/GJDUuDpfcV8XTWUq8TOVFeLfZVwEgEcpACLcBGAs\/s1600\/DSCF1031.JPG\"><img decoding=\"async\" data-src=\"https:\/\/3.bp.blogspot.com\/-Woenc7h3baU\/W_IG9FypoxI\/AAAAAAABRGA\/GJDUuDpfcV8XTWUq8TOVFeLfZVwEgEcpACLcBGAs\/s200\/DSCF1031.JPG\" width=\"200\" height=\"150\" border=\"0\" data-original-height=\"1200\" data-original-width=\"1600\" src=\"data:image\/svg+xml;base64,PHN2ZyB3aWR0aD0iMSIgaGVpZ2h0PSIxIiB4bWxucz0iaHR0cDovL3d3dy53My5vcmcvMjAwMC9zdmciPjwvc3ZnPg==\" class=\"lazyload\" style=\"--smush-placeholder-width: 200px; --smush-placeholder-aspect-ratio: 200\/150;\" \/><\/a><\/div>\n<p>&nbsp;<\/p>\n<div class=\"separator\"><a href=\"https:\/\/1.bp.blogspot.com\/-u5kb7mzuXbc\/W_IG85UU77I\/AAAAAAABRF4\/e2q6SgqpSI0i6pFUPLfba6dOJO-RuytQgCLcBGAs\/s1600\/DSCF1043.JPG\"><img decoding=\"async\" data-src=\"https:\/\/1.bp.blogspot.com\/-u5kb7mzuXbc\/W_IG85UU77I\/AAAAAAABRF4\/e2q6SgqpSI0i6pFUPLfba6dOJO-RuytQgCLcBGAs\/s320\/DSCF1043.JPG\" width=\"320\" height=\"240\" border=\"0\" data-original-height=\"1200\" data-original-width=\"1600\" src=\"data:image\/svg+xml;base64,PHN2ZyB3aWR0aD0iMSIgaGVpZ2h0PSIxIiB4bWxucz0iaHR0cDovL3d3dy53My5vcmcvMjAwMC9zdmciPjwvc3ZnPg==\" class=\"lazyload\" style=\"--smush-placeholder-width: 320px; --smush-placeholder-aspect-ratio: 320\/240;\" \/><\/a><\/div>\n<div><b>\u00a0<\/b><\/div>\n<p>&nbsp;<\/p>\n<div><b>\u00a0<\/b><\/div>\n<div><\/div>\n<ul>\n<li><b>A\u00e7\u00f5es em parceria com o PROCASE foram\u00a0 distribu\u00eddas\u00a0 raquetes\u00a0 de\u00a0 palmas mais\u00a0 kits\u00a0 de\u00a0 irriga\u00e7\u00e3o.<\/b><\/li>\n<\/ul>\n<p>&nbsp;<\/p>\n<div class=\"separator\"><a href=\"https:\/\/1.bp.blogspot.com\/-6tswabGIRew\/W_IImTp_0QI\/AAAAAAABRGU\/WJT_2s3fZLc3ANAqAQfaUuQycc08RpmWgCLcBGAs\/s1600\/20181018_132907.jpg\"><img decoding=\"async\" data-src=\"https:\/\/1.bp.blogspot.com\/-6tswabGIRew\/W_IImTp_0QI\/AAAAAAABRGU\/WJT_2s3fZLc3ANAqAQfaUuQycc08RpmWgCLcBGAs\/s320\/20181018_132907.jpg\" width=\"320\" height=\"240\" border=\"0\" data-original-height=\"1200\" data-original-width=\"1600\" src=\"data:image\/svg+xml;base64,PHN2ZyB3aWR0aD0iMSIgaGVpZ2h0PSIxIiB4bWxucz0iaHR0cDovL3d3dy53My5vcmcvMjAwMC9zdmciPjwvc3ZnPg==\" class=\"lazyload\" style=\"--smush-placeholder-width: 320px; --smush-placeholder-aspect-ratio: 320\/240;\" \/><\/a><\/div>\n<p>&nbsp;<\/p>\n<div class=\"separator\"><a href=\"https:\/\/4.bp.blogspot.com\/-ZNcfURvdRwc\/W_IIlmksfSI\/AAAAAAABRGQ\/DblaOjbeL0o_wWo8Ob-lCDFGFjalDPPkwCLcBGAs\/s1600\/20181018_133453.jpg\"><img decoding=\"async\" data-src=\"https:\/\/4.bp.blogspot.com\/-ZNcfURvdRwc\/W_IIlmksfSI\/AAAAAAABRGQ\/DblaOjbeL0o_wWo8Ob-lCDFGFjalDPPkwCLcBGAs\/s320\/20181018_133453.jpg\" width=\"320\" height=\"240\" border=\"0\" data-original-height=\"1200\" data-original-width=\"1600\" src=\"data:image\/svg+xml;base64,PHN2ZyB3aWR0aD0iMSIgaGVpZ2h0PSIxIiB4bWxucz0iaHR0cDovL3d3dy53My5vcmcvMjAwMC9zdmciPjwvc3ZnPg==\" class=\"lazyload\" style=\"--smush-placeholder-width: 320px; --smush-placeholder-aspect-ratio: 320\/240;\" \/><\/a><\/div>\n<div><b>\u00a0<\/b><\/div>\n<div><\/div>\n<ul>\n<li><b>Foram mais de 4.000 horas de tratores usadas no\u00a0 preparo de terras para plantio,\u00a0 desde\u00a0 2013\u00a0 at\u00e9\u00a0 o\u00a0 presente\u00a0 momento,\u00a0 para\u00a0 que\u00a0 o homem\u00a0 \u00a0do\u00a0 campo\u00a0 tenha\u00a0 fartura\u00a0 na\u00a0 mesa,\u00a0 e\u00a0 cocho cheio\u00a0 para\u00a0 seus\u00a0 animais.\u00a0<\/b><\/li>\n<\/ul>\n<div class=\"separator\"><a href=\"https:\/\/3.bp.blogspot.com\/-1UkvOeCoVlg\/W_IItaik0AI\/AAAAAAABRGY\/-nx7YhWtrT4S8KoRCaEWQx_EoXJYk9btQCLcBGAs\/s1600\/IMG-20160113-WA0012.jpg\"><img decoding=\"async\" data-src=\"https:\/\/3.bp.blogspot.com\/-1UkvOeCoVlg\/W_IItaik0AI\/AAAAAAABRGY\/-nx7YhWtrT4S8KoRCaEWQx_EoXJYk9btQCLcBGAs\/s320\/IMG-20160113-WA0012.jpg\" width=\"320\" height=\"240\" border=\"0\" data-original-height=\"1200\" data-original-width=\"1600\" src=\"data:image\/svg+xml;base64,PHN2ZyB3aWR0aD0iMSIgaGVpZ2h0PSIxIiB4bWxucz0iaHR0cDovL3d3dy53My5vcmcvMjAwMC9zdmciPjwvc3ZnPg==\" class=\"lazyload\" style=\"--smush-placeholder-width: 320px; --smush-placeholder-aspect-ratio: 320\/240;\" \/><\/a><\/div>\n<div><b>\u00a0<\/b><\/div>\n<p>&nbsp;<\/p>\n<div><b>\u00a0<\/b><\/div>\n<div><\/div>\n<ul>\n<li><b>Conseguimos em parcerias com o Governo do Estado 17 barracas com balan\u00e7as, e inauguramos a primeira feira\u00a0 agroecol\u00f3gica, onde\u00a0 o\u00a0 homem do campo produz\u00a0 e ele mesmo vende na\u00a0 feirinha.<\/b><\/li>\n<\/ul>\n<div class=\"separator\"><a href=\"https:\/\/3.bp.blogspot.com\/-Mvll5G29t5k\/W_IJBCrpKrI\/AAAAAAABRGk\/vzJykVuzy804uJTxvCvoAGlWOwSC0l_eACLcBGAs\/s1600\/20181031_084336.jpg\"><img decoding=\"async\" data-src=\"https:\/\/3.bp.blogspot.com\/-Mvll5G29t5k\/W_IJBCrpKrI\/AAAAAAABRGk\/vzJykVuzy804uJTxvCvoAGlWOwSC0l_eACLcBGAs\/s320\/20181031_084336.jpg\" width=\"320\" height=\"240\" border=\"0\" data-original-height=\"1200\" data-original-width=\"1600\" src=\"data:image\/svg+xml;base64,PHN2ZyB3aWR0aD0iMSIgaGVpZ2h0PSIxIiB4bWxucz0iaHR0cDovL3d3dy53My5vcmcvMjAwMC9zdmciPjwvc3ZnPg==\" class=\"lazyload\" style=\"--smush-placeholder-width: 320px; --smush-placeholder-aspect-ratio: 320\/240;\" \/><\/a><\/div>\n<div><b>\u00a0<\/b><\/div>\n<ul>\n<li><b>Abastecimento d\u2019\u00e1gua com carros pipas\u00a0 em\u00a0 per\u00edodos\u00a0 cr\u00edticos\u00a0 em cisternas\u00a0 \u00a0para consumo\u00a0 humano e\u00a0 animal\u00a0 \u00a0em\u00a0 \u00a0todas\u00a0 as\u00a0 comunidades.<\/b><\/li>\n<\/ul>\n<div><\/div>\n<div class=\"separator\"><a href=\"https:\/\/2.bp.blogspot.com\/-gmGzcKKL858\/W_IJnMhmQ9I\/AAAAAAABRGs\/d8sJTihj_zsOu3e1sY028HKS6weQWzdHQCLcBGAs\/s1600\/20181108_113322.jpg\"><img decoding=\"async\" data-src=\"https:\/\/2.bp.blogspot.com\/-gmGzcKKL858\/W_IJnMhmQ9I\/AAAAAAABRGs\/d8sJTihj_zsOu3e1sY028HKS6weQWzdHQCLcBGAs\/s320\/20181108_113322.jpg\" width=\"320\" height=\"240\" border=\"0\" data-original-height=\"1200\" data-original-width=\"1600\" src=\"data:image\/svg+xml;base64,PHN2ZyB3aWR0aD0iMSIgaGVpZ2h0PSIxIiB4bWxucz0iaHR0cDovL3d3dy53My5vcmcvMjAwMC9zdmciPjwvc3ZnPg==\" class=\"lazyload\" style=\"--smush-placeholder-width: 320px; --smush-placeholder-aspect-ratio: 320\/240;\" \/><\/a><\/div>\n<div><b>\u00a0<\/b><\/div>\n<div><\/div>\n<ul>\n<li><b>Batemos todas as\u00a0 metas\u00a0 de\u00a0 vacina\u00e7\u00e3o do\u00a0 nosso\u00a0 rebanho,\u00a0 \u00a0convocamos\u00a0 01\u00a0 medico\u00a0 veterin\u00e1rio atrav\u00e9s\u00a0 de\u00a0 concurso p\u00fablico, para\u00a0 melhor\u00a0 aparelhar\u00a0 a nossa secretaria de agricultura.\u00a0<\/b><\/li>\n<\/ul>\n<div><\/div>\n<div><b>\u00a0<\/b><\/div>\n<div><\/div>\n<ul>\n<li><b>Fazemos umas das\u00a0 melhores\u00a0 cavalgadas da\u00a0 regi\u00e3o,\u00a0 estimulando\u00a0 o\u00a0 turismo\u00a0 rural.<\/b><\/li>\n<\/ul>\n<div class=\"separator\"><a href=\"https:\/\/1.bp.blogspot.com\/-DwSzRlRUzNs\/W_IKM6_zsUI\/AAAAAAABRG0\/Sw_x6RlOh_8KeGBvJJ2cPSFbiJGRskKHACLcBGAs\/s1600\/DSCF1034.JPG\"><img decoding=\"async\" data-src=\"https:\/\/1.bp.blogspot.com\/-DwSzRlRUzNs\/W_IKM6_zsUI\/AAAAAAABRG0\/Sw_x6RlOh_8KeGBvJJ2cPSFbiJGRskKHACLcBGAs\/s320\/DSCF1034.JPG\" width=\"320\" height=\"240\" border=\"0\" data-original-height=\"1200\" data-original-width=\"1600\" src=\"data:image\/svg+xml;base64,PHN2ZyB3aWR0aD0iMSIgaGVpZ2h0PSIxIiB4bWxucz0iaHR0cDovL3d3dy53My5vcmcvMjAwMC9zdmciPjwvc3ZnPg==\" class=\"lazyload\" style=\"--smush-placeholder-width: 320px; --smush-placeholder-aspect-ratio: 320\/240;\" \/><\/a><\/div>\n<div><b>\u00a0<\/b><\/div>\n<ul>\n<li><b>Ao longo\u00a0 da nossa\u00a0 gest\u00e3o viemos\u00a0 fazendo\u00a0 as\u00a0 edi\u00e7\u00f5es\u00a0 da\u00a0 EXPOPRATA que j\u00e1\u00a0 esta\u00a0 em\u00a0 sua sexta\u00a0 edi\u00e7\u00e3o,\u00a0 sendo\u00a0 esta,\u00a0 a\u00a0 \u00faltima\u00a0 e\u00a0 uma\u00a0 das\u00a0 maiores\u00a0 do\u00a0 nordeste\u00a0 em\u00a0 seu\u00a0 seguimento,\u00a0 movimentando mais\u00a0 de\u00a0 3 milh\u00f5es\u00a0 em\u00a0 neg\u00f3cios, aquecendo\u00a0 a\u00a0 economia\u00a0 do\u00a0 munic\u00edpio\u00a0 e\u00a0 da\u00a0 regi\u00e3o.<\/b><\/li>\n<\/ul>\n<p>&nbsp;<\/p>\n<div class=\"separator\"><a href=\"https:\/\/3.bp.blogspot.com\/-BYGAlPPPPss\/W_IKdkQaFfI\/AAAAAAABRG8\/Han3Cw_0tMg6eAsXNGxdkVhp37jUVyDmwCLcBGAs\/s1600\/20180826_205500.jpg\"><img decoding=\"async\" data-src=\"https:\/\/3.bp.blogspot.com\/-BYGAlPPPPss\/W_IKdkQaFfI\/AAAAAAABRG8\/Han3Cw_0tMg6eAsXNGxdkVhp37jUVyDmwCLcBGAs\/s320\/20180826_205500.jpg\" width=\"320\" height=\"240\" border=\"0\" data-original-height=\"1200\" data-original-width=\"1600\" src=\"data:image\/svg+xml;base64,PHN2ZyB3aWR0aD0iMSIgaGVpZ2h0PSIxIiB4bWxucz0iaHR0cDovL3d3dy53My5vcmcvMjAwMC9zdmciPjwvc3ZnPg==\" class=\"lazyload\" style=\"--smush-placeholder-width: 320px; --smush-placeholder-aspect-ratio: 320\/240;\" \/><\/a><\/div>\n<div><b>\u00a0<\/b><\/div>\n<div><b>O prefeito Junior N\u00f3brega,\u00a0 vem\u00a0 a\u00a0 cada\u00a0 ano\u00a0 \u00a0 aumentando\u00a0 o\u00a0 \u00a0esfor\u00e7o\u00a0 para\u00a0 que\u00a0 o\u00a0 homem\u00a0 \u00a0do\u00a0 campo\u00a0 seja\u00a0 \u00a0visto\u00a0 e\u00a0 assistido,\u00a0 jamais\u00a0 o\u00a0 \u00a0nosso\u00a0 produtor\u00a0 teve\u00a0 tantos\u00a0 recursos\u00a0 e\u00a0 a\u00e7\u00f5es\u00a0 voltadas\u00a0 para\u00a0 suas\u00a0 realidades\u00a0 e\u00a0 necessidades, e continuaremos com\u00a0 este compromisso, afirmou Junior\u00a0 N\u00f3brega.\u00a0<\/b><\/div>\n<div><\/div>\n<div>Ascom\/Prata<\/div>\n","protected":false},"excerpt":{"rendered":"<p>Desde que assumiu a gest\u00e3o do munic\u00edpio da prata no ano de 2013, o prefeito\u00a0 Junior N\u00f3brega ,\u00a0 vem\u00a0 \u00a0fazendo\u00a0 uma\u00a0 verdadeira\u00a0 revolu\u00e7\u00e3o na\u00a0 zona\u00a0&hellip; <\/p>\n","protected":false},"author":1,"featured_media":73546,"comment_status":"closed","ping_status":"closed","sticky":false,"template":"","format":"standard","meta":{"sfsi_plus_gutenberg_text_before_share":"","sfsi_plus_gutenberg_show_text_before_share":"","sfsi_plus_gutenberg_icon_type":"","sfsi_plus_gutenberg_icon_alignemt":"","sfsi_plus_gutenburg_max_per_row":"","footnotes":""},"categories":[6],"tags":[],"class_list":["post-73545","post","type-post","status-publish","format-standard","has-post-thumbnail","hentry","category-cidades"],"_links":{"self":[{"href":"https:\/\/www.caririemacao.com\/1\/wp-json\/wp\/v2\/posts\/73545","targetHints":{"allow":["GET"]}}],"collection":[{"href":"https:\/\/www.caririemacao.com\/1\/wp-json\/wp\/v2\/posts"}],"about":[{"href":"https:\/\/www.caririemacao.com\/1\/wp-json\/wp\/v2\/types\/post"}],"author":[{"embeddable":true,"href":"https:\/\/www.caririemacao.com\/1\/wp-json\/wp\/v2\/users\/1"}],"replies":[{"embeddable":true,"href":"https:\/\/www.caririemacao.com\/1\/wp-json\/wp\/v2\/comments?post=73545"}],"version-history":[{"count":1,"href":"https:\/\/www.caririemacao.com\/1\/wp-json\/wp\/v2\/posts\/73545\/revisions"}],"predecessor-version":[{"id":73547,"href":"https:\/\/www.caririemacao.com\/1\/wp-json\/wp\/v2\/posts\/73545\/revisions\/73547"}],"wp:featuredmedia":[{"embeddable":true,"href":"https:\/\/www.caririemacao.com\/1\/wp-json\/wp\/v2\/media\/73546"}],"wp:attachment":[{"href":"https:\/\/www.caririemacao.com\/1\/wp-json\/wp\/v2\/media?parent=73545"}],"wp:term":[{"taxonomy":"category","embeddable":true,"href":"https:\/\/www.caririemacao.com\/1\/wp-json\/wp\/v2\/categories?post=73545"},{"taxonomy":"post_tag","embeddable":true,"href":"https:\/\/www.caririemacao.com\/1\/wp-json\/wp\/v2\/tags?post=73545"}],"curies":[{"name":"wp","href":"https:\/\/api.w.org\/{rel}","templated":true}]}}