{"id":73553,"date":"2018-11-19T13:20:50","date_gmt":"2018-11-19T16:20:50","guid":{"rendered":"http:\/\/www.caririemacao.com\/1\/?p=73553"},"modified":"2018-11-19T21:32:30","modified_gmt":"2018-11-20T00:32:30","slug":"paroquia-de-parari-encerra-festa-de-sao-jose-2018","status":"publish","type":"post","link":"https:\/\/www.caririemacao.com\/1\/2018\/11\/19\/paroquia-de-parari-encerra-festa-de-sao-jose-2018\/","title":{"rendered":"Par\u00f3quia de Parari encerra festa de S\u00e3o Jos\u00e9 2018"},"content":{"rendered":"<p>O encerramento da festa de S\u00e3o Jos\u00e9, padroeiro da par\u00f3quia de Parari, no Cariri da Para\u00edba, foi realizada na tarde deste domingo (18).<\/p>\n<p><img fetchpriority=\"high\" decoding=\"async\" class=\"aligncenter wp-image-73556 size-large\" src=\"http:\/\/www.caririemacao.com\/1\/wp-content\/uploads\/2018\/11\/WhatsApp-Image-2018-11-19-at-13.29.27-1024x768.jpeg\" alt=\"\" width=\"800\" height=\"600\" srcset=\"https:\/\/www.caririemacao.com\/1\/wp-content\/uploads\/2018\/11\/WhatsApp-Image-2018-11-19-at-13.29.27-1024x768.jpeg 1024w, https:\/\/www.caririemacao.com\/1\/wp-content\/uploads\/2018\/11\/WhatsApp-Image-2018-11-19-at-13.29.27-300x225.jpeg 300w, https:\/\/www.caririemacao.com\/1\/wp-content\/uploads\/2018\/11\/WhatsApp-Image-2018-11-19-at-13.29.27-768x576.jpeg 768w, https:\/\/www.caririemacao.com\/1\/wp-content\/uploads\/2018\/11\/WhatsApp-Image-2018-11-19-at-13.29.27.jpeg 1040w\" sizes=\"(max-width: 800px) 100vw, 800px\" \/><br \/>\nA programa\u00e7\u00e3o come\u00e7ou \u00e0s 17h30 com a tradicional prociss\u00e3o, saindo da igreja matriz com a imagem de S\u00e3o Jos\u00e9 e percorrendo as principais ruas da cidade. Em seguida, houve a Celebra\u00e7\u00e3o Eucar\u00edstica presidida pelo padre Manoel Cristino e concelebrada pelo padre Joselito.<\/p>\n<p><img decoding=\"async\" class=\"alignnone wp-image-73555 size-large lazyload\" data-src=\"http:\/\/www.caririemacao.com\/1\/wp-content\/uploads\/2018\/11\/WhatsApp-Image-2018-11-19-at-13.29.30-1024x768.jpeg\" alt=\"\" width=\"800\" height=\"600\" data-srcset=\"https:\/\/www.caririemacao.com\/1\/wp-content\/uploads\/2018\/11\/WhatsApp-Image-2018-11-19-at-13.29.30-1024x768.jpeg 1024w, https:\/\/www.caririemacao.com\/1\/wp-content\/uploads\/2018\/11\/WhatsApp-Image-2018-11-19-at-13.29.30-300x225.jpeg 300w, https:\/\/www.caririemacao.com\/1\/wp-content\/uploads\/2018\/11\/WhatsApp-Image-2018-11-19-at-13.29.30-768x576.jpeg 768w, https:\/\/www.caririemacao.com\/1\/wp-content\/uploads\/2018\/11\/WhatsApp-Image-2018-11-19-at-13.29.30.jpeg 1040w\" data-sizes=\"(max-width: 800px) 100vw, 800px\" src=\"data:image\/svg+xml;base64,PHN2ZyB3aWR0aD0iMSIgaGVpZ2h0PSIxIiB4bWxucz0iaHR0cDovL3d3dy53My5vcmcvMjAwMC9zdmciPjwvc3ZnPg==\" style=\"--smush-placeholder-width: 800px; --smush-placeholder-aspect-ratio: 800\/600;\" \/><\/p>\n<p>O momento foi marcado pela presen\u00e7a de centenas de fi\u00e9is, devotos a S\u00e3o Jos\u00e9, patrono da igreja e da fam\u00edlia. Os fi\u00e9is foram agradecer as gra\u00e7as alcan\u00e7adas e suplicar novas ben\u00e7\u00e3o.<\/p>\n<p>Tamb\u00e9m estiveram presentes, o prefeito do munic\u00edpio, Jos\u00e9 Josemar, a primeira dama,Francineide F\u00e1rias, al\u00e9m de vereadores e secret\u00e1rios municipais.<\/p>\n<p>Ap\u00f3s a celebra\u00e7\u00e3o, teve in\u00edcio a \u00faltima noite de pavilh\u00e3o com o tradicional leil\u00e3o de galinhas e quermesse, animados pela banda Chap\u00e9u de A\u00e7o.<\/p>\n","protected":false},"excerpt":{"rendered":"<p>O encerramento da festa de S\u00e3o Jos\u00e9, padroeiro da par\u00f3quia de Parari, no Cariri da Para\u00edba, foi realizada na tarde deste domingo (18). A programa\u00e7\u00e3o&hellip; <\/p>\n","protected":false},"author":1,"featured_media":73554,"comment_status":"closed","ping_status":"closed","sticky":false,"template":"","format":"standard","meta":{"sfsi_plus_gutenberg_text_before_share":"","sfsi_plus_gutenberg_show_text_before_share":"","sfsi_plus_gutenberg_icon_type":"","sfsi_plus_gutenberg_icon_alignemt":"","sfsi_plus_gutenburg_max_per_row":"","footnotes":""},"categories":[6],"tags":[],"class_list":["post-73553","post","type-post","status-publish","format-standard","has-post-thumbnail","hentry","category-cidades"],"_links":{"self":[{"href":"https:\/\/www.caririemacao.com\/1\/wp-json\/wp\/v2\/posts\/73553","targetHints":{"allow":["GET"]}}],"collection":[{"href":"https:\/\/www.caririemacao.com\/1\/wp-json\/wp\/v2\/posts"}],"about":[{"href":"https:\/\/www.caririemacao.com\/1\/wp-json\/wp\/v2\/types\/post"}],"author":[{"embeddable":true,"href":"https:\/\/www.caririemacao.com\/1\/wp-json\/wp\/v2\/users\/1"}],"replies":[{"embeddable":true,"href":"https:\/\/www.caririemacao.com\/1\/wp-json\/wp\/v2\/comments?post=73553"}],"version-history":[{"count":4,"href":"https:\/\/www.caririemacao.com\/1\/wp-json\/wp\/v2\/posts\/73553\/revisions"}],"predecessor-version":[{"id":73569,"href":"https:\/\/www.caririemacao.com\/1\/wp-json\/wp\/v2\/posts\/73553\/revisions\/73569"}],"wp:featuredmedia":[{"embeddable":true,"href":"https:\/\/www.caririemacao.com\/1\/wp-json\/wp\/v2\/media\/73554"}],"wp:attachment":[{"href":"https:\/\/www.caririemacao.com\/1\/wp-json\/wp\/v2\/media?parent=73553"}],"wp:term":[{"taxonomy":"category","embeddable":true,"href":"https:\/\/www.caririemacao.com\/1\/wp-json\/wp\/v2\/categories?post=73553"},{"taxonomy":"post_tag","embeddable":true,"href":"https:\/\/www.caririemacao.com\/1\/wp-json\/wp\/v2\/tags?post=73553"}],"curies":[{"name":"wp","href":"https:\/\/api.w.org\/{rel}","templated":true}]}}