{"id":73561,"date":"2018-11-19T13:40:11","date_gmt":"2018-11-19T16:40:11","guid":{"rendered":"http:\/\/www.caririemacao.com\/1\/?p=73561"},"modified":"2018-11-20T07:24:42","modified_gmt":"2018-11-20T10:24:42","slug":"prefeito-sandro-avalia-feira-de-saude-como-positiva-e-agradece-as-parceiras-adquiridas","status":"publish","type":"post","link":"https:\/\/www.caririemacao.com\/1\/2018\/11\/19\/prefeito-sandro-avalia-feira-de-saude-como-positiva-e-agradece-as-parceiras-adquiridas\/","title":{"rendered":"Prefeito Sandro avalia feira de sa\u00fade como positiva e agradece as parceiras adquiridas"},"content":{"rendered":"<p>Durante a realiza\u00e7\u00e3o de exames e consultas oferecidas de forma gratuitas aos camalauenses neste s\u00e1bado, dia 17, o prefeito Sandro considerou como importante esta a\u00e7\u00e3o e destacou a iniciativa da Secretaria de Sa\u00fade e a contribui\u00e7\u00e3o de todos no sucesso do evento.<\/p>\n<p>Sandro agradeceu o apoio irrestrito do senador C\u00e1ssio pelo emenda que proporcionou a aquisi\u00e7\u00e3o de uma ambul\u00e2ncia que servir\u00e1 a popula\u00e7\u00e3o, al\u00e9m do apoio pelas emendas do deputado federal Pedro Cunha Lima.<\/p>\n<p><img fetchpriority=\"high\" decoding=\"async\" class=\"aligncenter wp-image-73563 size-large\" src=\"http:\/\/www.caririemacao.com\/1\/wp-content\/uploads\/2018\/11\/DSC_1059-1-1024x683.jpg\" alt=\"\" width=\"800\" height=\"534\" srcset=\"https:\/\/www.caririemacao.com\/1\/wp-content\/uploads\/2018\/11\/DSC_1059-1-1024x683.jpg 1024w, https:\/\/www.caririemacao.com\/1\/wp-content\/uploads\/2018\/11\/DSC_1059-1-300x200.jpg 300w, https:\/\/www.caririemacao.com\/1\/wp-content\/uploads\/2018\/11\/DSC_1059-1-768x512.jpg 768w, https:\/\/www.caririemacao.com\/1\/wp-content\/uploads\/2018\/11\/DSC_1059-1.jpg 1600w\" sizes=\"(max-width: 800px) 100vw, 800px\" \/><\/p>\n<p>O prefeito tamb\u00e9m destacou a parceria com o deputado estadual Jo\u00e3o Henrique que fez quest\u00e3o de disponibilizar dois profissionais de sa\u00fade, como a dermatologista Dra. Micheila Henrique, e o cl\u00ednico geral, Dr. Renniere Sena, para ajudar nos exames.<\/p>\n<p><img decoding=\"async\" class=\"alignnone wp-image-73562 size-large lazyload\" data-src=\"http:\/\/www.caririemacao.com\/1\/wp-content\/uploads\/2018\/11\/DSC_1044-1024x683.jpg\" alt=\"\" width=\"800\" height=\"534\" data-srcset=\"https:\/\/www.caririemacao.com\/1\/wp-content\/uploads\/2018\/11\/DSC_1044-1024x683.jpg 1024w, https:\/\/www.caririemacao.com\/1\/wp-content\/uploads\/2018\/11\/DSC_1044-300x200.jpg 300w, https:\/\/www.caririemacao.com\/1\/wp-content\/uploads\/2018\/11\/DSC_1044-768x512.jpg 768w, https:\/\/www.caririemacao.com\/1\/wp-content\/uploads\/2018\/11\/DSC_1044.jpg 1600w\" data-sizes=\"(max-width: 800px) 100vw, 800px\" src=\"data:image\/svg+xml;base64,PHN2ZyB3aWR0aD0iMSIgaGVpZ2h0PSIxIiB4bWxucz0iaHR0cDovL3d3dy53My5vcmcvMjAwMC9zdmciPjwvc3ZnPg==\" style=\"--smush-placeholder-width: 800px; --smush-placeholder-aspect-ratio: 800\/534;\" \/><\/p>\n<p>\u201cGostaria em especial tamb\u00e9m agradecer ao Dr. Paulo, ex-secret\u00e1rio de sa\u00fade de Camala\u00fa, que tanto contribuiu, com muito empenho, melhorando os servi\u00e7os de sa\u00fade de nosso munic\u00edpio, e ao m\u00e9dico Dr. Eug\u00eanio por ter se disponibilizado em ajudar nos atendimentos durante o evento\u201d, finalizou.<\/p>\n<p>A a\u00e7\u00e3o foi realizada na UBS Enfermeiro Alcides leal e contou com exames cl\u00ednicos, mamogr\u00e1ficos, urol\u00f3gicos e dermatol\u00f3gicos oferecidos de forma gratuita \u00e0 popula\u00e7\u00e3o. \u00a0Al\u00e9m dos exames, os participantes puderam desfrutar de um saboroso caf\u00e9 da manh\u00e3.<\/p>\n","protected":false},"excerpt":{"rendered":"<p>Durante a realiza\u00e7\u00e3o de exames e consultas oferecidas de forma gratuitas aos camalauenses neste s\u00e1bado, dia 17, o prefeito Sandro considerou como importante esta a\u00e7\u00e3o&hellip; <\/p>\n","protected":false},"author":1,"featured_media":73564,"comment_status":"closed","ping_status":"closed","sticky":false,"template":"","format":"standard","meta":{"sfsi_plus_gutenberg_text_before_share":"","sfsi_plus_gutenberg_show_text_before_share":"","sfsi_plus_gutenberg_icon_type":"","sfsi_plus_gutenberg_icon_alignemt":"","sfsi_plus_gutenburg_max_per_row":"","footnotes":""},"categories":[11],"tags":[],"class_list":["post-73561","post","type-post","status-publish","format-standard","has-post-thumbnail","hentry","category-politica"],"_links":{"self":[{"href":"https:\/\/www.caririemacao.com\/1\/wp-json\/wp\/v2\/posts\/73561","targetHints":{"allow":["GET"]}}],"collection":[{"href":"https:\/\/www.caririemacao.com\/1\/wp-json\/wp\/v2\/posts"}],"about":[{"href":"https:\/\/www.caririemacao.com\/1\/wp-json\/wp\/v2\/types\/post"}],"author":[{"embeddable":true,"href":"https:\/\/www.caririemacao.com\/1\/wp-json\/wp\/v2\/users\/1"}],"replies":[{"embeddable":true,"href":"https:\/\/www.caririemacao.com\/1\/wp-json\/wp\/v2\/comments?post=73561"}],"version-history":[{"count":3,"href":"https:\/\/www.caririemacao.com\/1\/wp-json\/wp\/v2\/posts\/73561\/revisions"}],"predecessor-version":[{"id":73600,"href":"https:\/\/www.caririemacao.com\/1\/wp-json\/wp\/v2\/posts\/73561\/revisions\/73600"}],"wp:featuredmedia":[{"embeddable":true,"href":"https:\/\/www.caririemacao.com\/1\/wp-json\/wp\/v2\/media\/73564"}],"wp:attachment":[{"href":"https:\/\/www.caririemacao.com\/1\/wp-json\/wp\/v2\/media?parent=73561"}],"wp:term":[{"taxonomy":"category","embeddable":true,"href":"https:\/\/www.caririemacao.com\/1\/wp-json\/wp\/v2\/categories?post=73561"},{"taxonomy":"post_tag","embeddable":true,"href":"https:\/\/www.caririemacao.com\/1\/wp-json\/wp\/v2\/tags?post=73561"}],"curies":[{"name":"wp","href":"https:\/\/api.w.org\/{rel}","templated":true}]}}