{"id":73570,"date":"2018-11-19T22:56:30","date_gmt":"2018-11-20T01:56:30","guid":{"rendered":"http:\/\/www.caririemacao.com\/1\/?p=73570"},"modified":"2018-11-19T22:57:33","modified_gmt":"2018-11-20T01:57:33","slug":"ricardo-inaugura-escola-tecnica-de-serra-branca-que-atendera-municipios-do-cariri-veja-fotos","status":"publish","type":"post","link":"https:\/\/www.caririemacao.com\/1\/2018\/11\/19\/ricardo-inaugura-escola-tecnica-de-serra-branca-que-atendera-municipios-do-cariri-veja-fotos\/","title":{"rendered":"Ricardo inaugura Escola T\u00e9cnica de Serra Branca que atender\u00e1 munic\u00edpios do Cariri. Veja fotos"},"content":{"rendered":"<p>O governador Ricardo Coutinho inaugurou, nesta segunda-feira (19), a Escola Estadual Cidad\u00e3 Integral T\u00e9cnica de Serra Branca, no Cariri paraibano. Com investimentos de R$ 17,6 milh\u00f5es, a escola tem quadra poliesportiva, dois laborat\u00f3rios especiais, laborat\u00f3rios de inform\u00e1tica e de l\u00ednguas, entre outras melhorias, beneficiando 1.440 alunos diariamente.<\/p>\n<p>Na solenidade de inaugura\u00e7\u00e3o, prestigiada por lideran\u00e7as locais, Ricardo Coutinho destacou que a Escola Estadual Cidad\u00e3 Integral T\u00e9cnica de Serra Branca consolida uma s\u00e9rie de investimentos feitos pelo Governo do Estado no Cariri paraibano. \u201cEssa obra vale muito mais que R$ 17 milh\u00f5es, j\u00e1 que vai transformar ainda mais a realidade do Cariri, com novas perspectivas para os estudantes. O Cariri mudou muito, e essa mudan\u00e7a, que passa pela educa\u00e7\u00e3o, levar\u00e1 a um outro patamar de desejos, de expectativas\u201d, afirmou.<\/p>\n<p><img fetchpriority=\"high\" decoding=\"async\" class=\"aligncenter wp-image-73580 size-full\" src=\"http:\/\/www.caririemacao.com\/1\/wp-content\/uploads\/2018\/11\/ECIT-04-3.jpg\" alt=\"\" width=\"1600\" height=\"1067\" srcset=\"https:\/\/www.caririemacao.com\/1\/wp-content\/uploads\/2018\/11\/ECIT-04-3.jpg 1600w, https:\/\/www.caririemacao.com\/1\/wp-content\/uploads\/2018\/11\/ECIT-04-3-300x200.jpg 300w, https:\/\/www.caririemacao.com\/1\/wp-content\/uploads\/2018\/11\/ECIT-04-3-768x512.jpg 768w, https:\/\/www.caririemacao.com\/1\/wp-content\/uploads\/2018\/11\/ECIT-04-3-1024x683.jpg 1024w\" sizes=\"(max-width: 1600px) 100vw, 1600px\" \/><\/p>\n<p>\u201cQuanto mais discriminada era a regi\u00e3o, mais o nosso Governo investiu, e o Cariri \u00e9 um exemplo disso. Fiz quest\u00e3o de estar nesta inaugura\u00e7\u00e3o porque meio que se fecha um ciclo para o Cariri, que ficar\u00e1 marcado na hist\u00f3ria deste estado\u201d, ressaltou Ricardo Coutinho.<\/p>\n<p>Participaram da solenidade de inaugura\u00e7\u00e3o da Escola Estadual Cidad\u00e3 Integral T\u00e9cnica de Serra Branca o secret\u00e1rio de Estado da Educa\u00e7\u00e3o, Al\u00e9ssio Trindade; a superintendente de Obras do Plano de Desenvolvimento do Estado (Suplan), Simone Guimar\u00e3es; e o presidente da Companhia de \u00c1gua e Esgoto da Para\u00edba (Cagepa), H\u00e9lio Cunha Lima, entre outras autoridades.<\/p>\n<p>Estrutura moderna \u2013 Com investimentos da ordem de R$ 17.695.458,46, a Escola T\u00e9cnica Estadual Cidad\u00e3 Integral T\u00e9cnica de Serra Branca oferece quadra poliesportiva coberta, refeit\u00f3rio, \u00e1rea de viv\u00eancia, laborat\u00f3rio de inform\u00e1tica, laborat\u00f3rio de l\u00ednguas, al\u00e9m de laborat\u00f3rios de disciplinas como F\u00edsica e Matem\u00e1tica.<\/p>\n<p>A infraestrutura do equipamento compreende, ainda, anfiteatro, sala de multim\u00eddia para professores, biblioteca, audit\u00f3rio, estacionamento e urbaniza\u00e7\u00e3o.<\/p>\n<p>Com uma estrutura moderna, a Escola Estadual Cidad\u00e3 Integral T\u00e9cnica de Serra Branca foi constru\u00edda dentro de padr\u00f5es ambientais modernos. Por conta do projeto, ser\u00e1 poss\u00edvel a utiliza\u00e7\u00e3o de \u00e1gua da chuva, reduzindo o consumo da rede p\u00fablica e evitando o uso de \u00e1gua pot\u00e1vel em descargas, na irriga\u00e7\u00e3o de jardins e na lavagem de pisos, por exemplo.<\/p>\n<p><img decoding=\"async\" class=\"aligncenter wp-image-73579 size-full lazyload\" data-src=\"http:\/\/www.caririemacao.com\/1\/wp-content\/uploads\/2018\/11\/ECIT-02-86.jpg\" alt=\"\" width=\"1600\" height=\"1067\" data-srcset=\"https:\/\/www.caririemacao.com\/1\/wp-content\/uploads\/2018\/11\/ECIT-02-86.jpg 1600w, https:\/\/www.caririemacao.com\/1\/wp-content\/uploads\/2018\/11\/ECIT-02-86-300x200.jpg 300w, https:\/\/www.caririemacao.com\/1\/wp-content\/uploads\/2018\/11\/ECIT-02-86-768x512.jpg 768w, https:\/\/www.caririemacao.com\/1\/wp-content\/uploads\/2018\/11\/ECIT-02-86-1024x683.jpg 1024w\" data-sizes=\"(max-width: 1600px) 100vw, 1600px\" src=\"data:image\/svg+xml;base64,PHN2ZyB3aWR0aD0iMSIgaGVpZ2h0PSIxIiB4bWxucz0iaHR0cDovL3d3dy53My5vcmcvMjAwMC9zdmciPjwvc3ZnPg==\" style=\"--smush-placeholder-width: 1600px; --smush-placeholder-aspect-ratio: 1600\/1067;\" \/><\/p>\n<p>Expectativa \u2013 A inaugura\u00e7\u00e3o da Escola Estadual Cidad\u00e3 Integral T\u00e9cnica de Serra Branca \u00e9 a realiza\u00e7\u00e3o de um sonho antigo dos moradores do Cariri paraibano, abrindo novas perspectivas para o mercado de trabalho da regi\u00e3o.<\/p>\n<p>Aos 15 anos, Maria Rosa Xavier cursa o 1\u00b0 ano do Ensino M\u00e9dio. A adolescente, filha de professora, est\u00e1 cheia de expectativas. \u201cAprendi com meus pais que ter uma forma\u00e7\u00e3o t\u00e9cnica abre muitas portas no mercado de trabalho. Por isso, n\u00e3o tenho d\u00favidas de que a chegada dessa escola vai fazer a gente evoluir muito\u201d, comentou.<\/p>\n<p>A professora Maria Elza Batista afirmou que toda a regi\u00e3o do Cariri ser\u00e1 beneficiada com a Escola Estadual Cidad\u00e3 Integral T\u00e9cnica de Serra Branca. \u201cComo professora, sei o valor que tem a educa\u00e7\u00e3o. A entrega desta escola traz benef\u00edcios para todo o Cariri. A minha alegria \u00e9 dupla, como professora e como moradora de Serra Branca\u201d, afirmou.<\/p>\n<h2 style=\"text-align: center;\"><a href=\"https:\/\/www.facebook.com\/pg\/CaririEmAcao\/photos\/?tab=album&amp;album_id=1410504685752217\">Veja Fotos da Inaugura\u00e7\u00e3o da\u00a0Escola T\u00e9cnica de Serra Branca aqui<\/a><\/h2>\n<p><div class=\"ose- ose-uid-1281d59c9887721b64c81d1e9d7a2018 ose-embedpress-responsive\" style=\"width:600px; height:550px; max-height:550px; max-width:100%; display:inline-block;\" data-embed-type=\"Facebook\"><iframe allowFullScreen=\"true\" class=\"embera-facebook-iframe-50fe2 lazyload\" data-src=\"https:\/\/www.facebook.com\/plugins\/post.php?href=https%3A%2F%2Fwww.facebook.com%2Fmedia%2Fset%2F%3Fset%3Da.1410504685752217%26%23038%3Btype%3D1%26%23038%3Bl%3D90b3067ed9&width=600&height=550&show_text=true\" width=\"600\" height=\"550\" style=\"border:none;overflow:hidden\" scrolling=\"no\" frameborder=\"0\" allowTransparency=\"true\" src=\"data:image\/svg+xml;base64,PHN2ZyB3aWR0aD0iMSIgaGVpZ2h0PSIxIiB4bWxucz0iaHR0cDovL3d3dy53My5vcmcvMjAwMC9zdmciPjwvc3ZnPg==\" data-load-mode=\"1\"><\/iframe><\/div><\/p>\n<p style=\"text-align: right;\"><strong><em>\u00a0Secom-PB<\/em><\/strong><\/p>\n","protected":false},"excerpt":{"rendered":"<p>O governador Ricardo Coutinho inaugurou, nesta segunda-feira (19), a Escola Estadual Cidad\u00e3 Integral T\u00e9cnica de Serra Branca, no Cariri paraibano. Com investimentos de R$ 17,6&hellip; <\/p>\n","protected":false},"author":1,"featured_media":73577,"comment_status":"closed","ping_status":"closed","sticky":false,"template":"","format":"standard","meta":{"sfsi_plus_gutenberg_text_before_share":"","sfsi_plus_gutenberg_show_text_before_share":"","sfsi_plus_gutenberg_icon_type":"","sfsi_plus_gutenberg_icon_alignemt":"","sfsi_plus_gutenburg_max_per_row":"","footnotes":""},"categories":[50,2],"tags":[],"class_list":["post-73570","post","type-post","status-publish","format-standard","has-post-thumbnail","hentry","category-destaque","category-geral"],"_links":{"self":[{"href":"https:\/\/www.caririemacao.com\/1\/wp-json\/wp\/v2\/posts\/73570","targetHints":{"allow":["GET"]}}],"collection":[{"href":"https:\/\/www.caririemacao.com\/1\/wp-json\/wp\/v2\/posts"}],"about":[{"href":"https:\/\/www.caririemacao.com\/1\/wp-json\/wp\/v2\/types\/post"}],"author":[{"embeddable":true,"href":"https:\/\/www.caririemacao.com\/1\/wp-json\/wp\/v2\/users\/1"}],"replies":[{"embeddable":true,"href":"https:\/\/www.caririemacao.com\/1\/wp-json\/wp\/v2\/comments?post=73570"}],"version-history":[{"count":1,"href":"https:\/\/www.caririemacao.com\/1\/wp-json\/wp\/v2\/posts\/73570\/revisions"}],"predecessor-version":[{"id":73582,"href":"https:\/\/www.caririemacao.com\/1\/wp-json\/wp\/v2\/posts\/73570\/revisions\/73582"}],"wp:featuredmedia":[{"embeddable":true,"href":"https:\/\/www.caririemacao.com\/1\/wp-json\/wp\/v2\/media\/73577"}],"wp:attachment":[{"href":"https:\/\/www.caririemacao.com\/1\/wp-json\/wp\/v2\/media?parent=73570"}],"wp:term":[{"taxonomy":"category","embeddable":true,"href":"https:\/\/www.caririemacao.com\/1\/wp-json\/wp\/v2\/categories?post=73570"},{"taxonomy":"post_tag","embeddable":true,"href":"https:\/\/www.caririemacao.com\/1\/wp-json\/wp\/v2\/tags?post=73570"}],"curies":[{"name":"wp","href":"https:\/\/api.w.org\/{rel}","templated":true}]}}