{"id":73571,"date":"2018-11-19T21:54:10","date_gmt":"2018-11-20T00:54:10","guid":{"rendered":"http:\/\/www.caririemacao.com\/1\/?p=73571"},"modified":"2018-11-19T21:54:10","modified_gmt":"2018-11-20T00:54:10","slug":"durante-desperta-jovem-gurjao-recebe-juventude-de-varias-cidades-do-cariri","status":"publish","type":"post","link":"https:\/\/www.caririemacao.com\/1\/2018\/11\/19\/durante-desperta-jovem-gurjao-recebe-juventude-de-varias-cidades-do-cariri\/","title":{"rendered":"Durante Desperta Jovem Gurj\u00e3o recebe juventude de v\u00e1rias cidades do Cariri"},"content":{"rendered":"<p>Neste domingo a cidade de Gurj\u00e3o ficou movimentada. Quase 300 jovens de outros munic\u00edpios da regi\u00e3o do Cariri participaram da terceira edi\u00e7\u00e3o do Desperta Jovem. O encontro j\u00e1 virou tradi\u00e7\u00e3o no calend\u00e1rio da igreja e esse ano apresentou o tema Seja Luz.<\/p>\n<p>Logo no in\u00edcio da manh\u00e3 as caravanas que foram recebidas por uma equipe de acolhida e pela Filarm\u00f4nica Nossa Senhora do Ros\u00e1rio. O encontro come\u00e7ou com uma missa em a\u00e7\u00e3o de gra\u00e7as celebrada pelo Padre Joselito que falou sobre a import\u00e2ncia da amizade na homilia. \u201c\u00c9 preciso que a juventude saiba escolher seus amigos, saiba que eles devem ser abrigos seguros e principalmente ter a certeza de que Deus \u00e9 o nosso melhor amigo\u201d.<\/p>\n<p>Ap\u00f3s a missa, os jovens seguiram em arrast\u00e3o at\u00e9 a creche municipal. L\u00e1 participaram de momentos de louvor, adora\u00e7\u00e3o, palestras, testemunhos e prega\u00e7\u00f5es que falaram diretamente ao cora\u00e7\u00e3o de todos aqueles que foram prestigiar o encontro.<\/p>\n<p>O Desperta foi organizado pela juventude gurjaoense que se dividiu em equipes para preparar uma programa\u00e7\u00e3o especial, receber pessoas de outras comunidades e fazer com que elas refletissem um pouco mais sobre o que \u00e9 ser luz na fam\u00edlia, na escola, na faculdade e na vida do pr\u00f3ximo.<\/p>\n<p>As equipes contaram ainda com o apoio de autoridades, pastorais, movimentos e de toda comunidade que se empenhou em ajudar. A coordena\u00e7\u00e3o geral fez uma avalia\u00e7\u00e3o positiva do encontro. \u201cA cada edi\u00e7\u00e3o esse evento vem crescendo n\u00e3o s\u00f3 em tamanho, mas tamb\u00e9m em gra\u00e7a vinda direto do c\u00e9u. Tudo aconteceu de forma simples, mas com a vontade de Deus e isso \u00e9 o que importa. Esperamos que todos tenham se sentido em casa e aproveitado tudo o que foi preparado com muito amor\u201d.<\/p>\n","protected":false},"excerpt":{"rendered":"<p>Neste domingo a cidade de Gurj\u00e3o ficou movimentada. Quase 300 jovens de outros munic\u00edpios da regi\u00e3o do Cariri participaram da terceira edi\u00e7\u00e3o do Desperta Jovem.&hellip; <\/p>\n","protected":false},"author":1,"featured_media":73572,"comment_status":"closed","ping_status":"closed","sticky":false,"template":"","format":"standard","meta":{"sfsi_plus_gutenberg_text_before_share":"","sfsi_plus_gutenberg_show_text_before_share":"","sfsi_plus_gutenberg_icon_type":"","sfsi_plus_gutenberg_icon_alignemt":"","sfsi_plus_gutenburg_max_per_row":"","footnotes":""},"categories":[2],"tags":[],"class_list":["post-73571","post","type-post","status-publish","format-standard","has-post-thumbnail","hentry","category-geral"],"_links":{"self":[{"href":"https:\/\/www.caririemacao.com\/1\/wp-json\/wp\/v2\/posts\/73571","targetHints":{"allow":["GET"]}}],"collection":[{"href":"https:\/\/www.caririemacao.com\/1\/wp-json\/wp\/v2\/posts"}],"about":[{"href":"https:\/\/www.caririemacao.com\/1\/wp-json\/wp\/v2\/types\/post"}],"author":[{"embeddable":true,"href":"https:\/\/www.caririemacao.com\/1\/wp-json\/wp\/v2\/users\/1"}],"replies":[{"embeddable":true,"href":"https:\/\/www.caririemacao.com\/1\/wp-json\/wp\/v2\/comments?post=73571"}],"version-history":[{"count":1,"href":"https:\/\/www.caririemacao.com\/1\/wp-json\/wp\/v2\/posts\/73571\/revisions"}],"predecessor-version":[{"id":73573,"href":"https:\/\/www.caririemacao.com\/1\/wp-json\/wp\/v2\/posts\/73571\/revisions\/73573"}],"wp:featuredmedia":[{"embeddable":true,"href":"https:\/\/www.caririemacao.com\/1\/wp-json\/wp\/v2\/media\/73572"}],"wp:attachment":[{"href":"https:\/\/www.caririemacao.com\/1\/wp-json\/wp\/v2\/media?parent=73571"}],"wp:term":[{"taxonomy":"category","embeddable":true,"href":"https:\/\/www.caririemacao.com\/1\/wp-json\/wp\/v2\/categories?post=73571"},{"taxonomy":"post_tag","embeddable":true,"href":"https:\/\/www.caririemacao.com\/1\/wp-json\/wp\/v2\/tags?post=73571"}],"curies":[{"name":"wp","href":"https:\/\/api.w.org\/{rel}","templated":true}]}}