{"id":73590,"date":"2018-11-20T06:26:38","date_gmt":"2018-11-20T09:26:38","guid":{"rendered":"http:\/\/www.caririemacao.com\/1\/?p=73590"},"modified":"2018-11-20T06:26:38","modified_gmt":"2018-11-20T09:26:38","slug":"prefeita-anna-lorena-cumpre-primeiros-compromissos-oficiais-na-alemanha","status":"publish","type":"post","link":"https:\/\/www.caririemacao.com\/1\/2018\/11\/20\/prefeita-anna-lorena-cumpre-primeiros-compromissos-oficiais-na-alemanha\/","title":{"rendered":"Prefeita Anna Lorena cumpre primeiros compromissos oficiais na Alemanha"},"content":{"rendered":"<p>O primeiro dia da miss\u00e3o das prefeitas brasileiras, entre elas a prefeita de Monteiro Anna Lorena que cumprem agenda na Alemanha come\u00e7ou com uma reuni\u00e3o com a Sra. Susanne Kramm, da Ag\u00eancia de Energia El\u00e9trica de Berlim, que falou sobre a import\u00e2ncia das iniciativas de energia renov\u00e1vel e o uso de tecnologia para a redu\u00e7\u00e3o de emiss\u00f5es.<\/p>\n<p>Susanne refor\u00e7ou que tais iniciativas, quando associadas a programas de conscientiza\u00e7\u00e3o nas escolas, promove economia e redu\u00e7\u00e3o de custos aliada \u00e0 redu\u00e7\u00e3o de emiss\u00f5es. Na ocasi\u00e3o, as prefeitas tamb\u00e9m tiveram a oportunidade de contar das iniciativas empreendidas em seus munic\u00edpios, bem como aprofundar sobre as estrat\u00e9gias poss\u00edveis para a aplica\u00e7\u00e3o da experi\u00eancia de Berlin em suas cidades.\u00a0 Foi oportuno, ainda, conversar sobre as possibilidades de financiamento da Ag\u00eancia de coopera\u00e7\u00e3o alem\u00e3 (GIZ) para tais projetos de prote\u00e7\u00e3o clim\u00e1tica.<\/p>\n<p><img fetchpriority=\"high\" decoding=\"async\" class=\"size-medium wp-image-27683 alignleft\" src=\"http:\/\/www.vitrinedocariri.com.br\/wp-content\/uploads\/2018\/11\/Prefeita-Anna-Lorena-cumpre-primeiros-compromissos-oficiais-na-Alemanha4-300x200.jpeg\" alt=\"\" width=\"300\" height=\"200\" \/>J\u00e1 durante a tarde, as prefeitas foram recebidas pela Ministra Federal do Meio Ambiente, a Sra. Svenja Schulze, onde discutiram a import\u00e2ncia das iniciativas locais de preserva\u00e7\u00e3o ambiental, efici\u00eancia energ\u00e9tica, coleta de res\u00edduos entre outras iniciativas que dialogam com as metas de redu\u00e7\u00e3o de emiss\u00e3o de CO2 nos dois pa\u00edses. A Ministra refor\u00e7ou a import\u00e2ncia dada pelo governo alem\u00e3o \u00e0s iniciativas locais por meio de programas de fomento, e incentivou a parceria entre as cidades dos dois pa\u00edses, se colocando dispon\u00edvel para fazer essas pontes. A ministra tamb\u00e9m destacou a import\u00e2ncia das lideran\u00e7as femininas no Brasil que buscam protagonismo \u00e0 agenda clim\u00e1tica nas cidades sob sua gest\u00e3o, e incentivou a constru\u00e7\u00e3o de redes entre os pa\u00edses.<\/p>\n<p>Este \u00e9 a segunda vez que a prefeita Anna Lorena cumpre miss\u00e3o oficial na Alemanha, desta vez atrav\u00e9s de uma iniciativa do Instituto Alziras, Instituto Clima e Sociedade e Embaixada da Alemanha.<\/p>\n<p>Ascom\/Monteiro<\/p>\n","protected":false},"excerpt":{"rendered":"<p>O primeiro dia da miss\u00e3o das prefeitas brasileiras, entre elas a prefeita de Monteiro Anna Lorena que cumprem agenda na Alemanha come\u00e7ou com uma reuni\u00e3o&hellip; <\/p>\n","protected":false},"author":1,"featured_media":12074,"comment_status":"closed","ping_status":"closed","sticky":false,"template":"","format":"standard","meta":{"sfsi_plus_gutenberg_text_before_share":"","sfsi_plus_gutenberg_show_text_before_share":"","sfsi_plus_gutenberg_icon_type":"","sfsi_plus_gutenberg_icon_alignemt":"","sfsi_plus_gutenburg_max_per_row":"","footnotes":""},"categories":[6],"tags":[],"class_list":["post-73590","post","type-post","status-publish","format-standard","has-post-thumbnail","hentry","category-cidades"],"_links":{"self":[{"href":"https:\/\/www.caririemacao.com\/1\/wp-json\/wp\/v2\/posts\/73590","targetHints":{"allow":["GET"]}}],"collection":[{"href":"https:\/\/www.caririemacao.com\/1\/wp-json\/wp\/v2\/posts"}],"about":[{"href":"https:\/\/www.caririemacao.com\/1\/wp-json\/wp\/v2\/types\/post"}],"author":[{"embeddable":true,"href":"https:\/\/www.caririemacao.com\/1\/wp-json\/wp\/v2\/users\/1"}],"replies":[{"embeddable":true,"href":"https:\/\/www.caririemacao.com\/1\/wp-json\/wp\/v2\/comments?post=73590"}],"version-history":[{"count":1,"href":"https:\/\/www.caririemacao.com\/1\/wp-json\/wp\/v2\/posts\/73590\/revisions"}],"predecessor-version":[{"id":73591,"href":"https:\/\/www.caririemacao.com\/1\/wp-json\/wp\/v2\/posts\/73590\/revisions\/73591"}],"wp:featuredmedia":[{"embeddable":true,"href":"https:\/\/www.caririemacao.com\/1\/wp-json\/wp\/v2\/media\/12074"}],"wp:attachment":[{"href":"https:\/\/www.caririemacao.com\/1\/wp-json\/wp\/v2\/media?parent=73590"}],"wp:term":[{"taxonomy":"category","embeddable":true,"href":"https:\/\/www.caririemacao.com\/1\/wp-json\/wp\/v2\/categories?post=73590"},{"taxonomy":"post_tag","embeddable":true,"href":"https:\/\/www.caririemacao.com\/1\/wp-json\/wp\/v2\/tags?post=73590"}],"curies":[{"name":"wp","href":"https:\/\/api.w.org\/{rel}","templated":true}]}}