{"id":73592,"date":"2018-11-20T06:32:07","date_gmt":"2018-11-20T09:32:07","guid":{"rendered":"http:\/\/www.caririemacao.com\/1\/?p=73592"},"modified":"2018-11-20T06:32:07","modified_gmt":"2018-11-20T09:32:07","slug":"eleicao-para-prefeito-de-cabedelo-sera-no-dia-17-de-marco-de-2019-define-tre-pb","status":"publish","type":"post","link":"https:\/\/www.caririemacao.com\/1\/2018\/11\/20\/eleicao-para-prefeito-de-cabedelo-sera-no-dia-17-de-marco-de-2019-define-tre-pb\/","title":{"rendered":"Elei\u00e7\u00e3o para prefeito de Cabedelo ser\u00e1 no dia 17 de mar\u00e7o de 2019, define TRE-PB"},"content":{"rendered":"<p>O Tribunal Regional Eleitoral da Para\u00edba (TRE-PB) definiu, na tarde desta ter\u00e7a-feira (19), a nova resolu\u00e7\u00e3o que disciplina as elei\u00e7\u00f5es suplementares no munic\u00edpio de Cabedelo. O eleitorado vai \u00e0s urnas no dia 17 de mar\u00e7o de 2019, para\u00a0definir novo prefeito e vice-prefeito.<\/p>\n<p>De acordo com o corregedor e vice-presidente do TRE-PB, desembargador Jos\u00e9 Ricardo Porto, a nova data atende com tranquilidade o cumprimento de todos os prazos processuais para as elei\u00e7\u00f5es suplementares.<\/p>\n<p>A data anterior era 9 de dezembro deste ano, por\u00e9m, atendendo a determina\u00e7\u00e3o do Tribunal Superior Eleitoral (TSE) a data foi remarcada. O\u00a0pleito foi suspenso por decis\u00e3o do ministro Admar Gonzaga, do Tribunal Superior Eleitoral, que recebeu uma solicita\u00e7\u00e3o do PT do munic\u00edpio o qual questionou a proximidade das elei\u00e7\u00f5es e os per\u00edodos de impugna\u00e7\u00e3o de candidaturas, presta\u00e7\u00e3o de contas e outras burocracias do calend\u00e1rio eleitoral.<\/p>\n<p>Blog do Gordinho<\/p>\n","protected":false},"excerpt":{"rendered":"<p>O Tribunal Regional Eleitoral da Para\u00edba (TRE-PB) definiu, na tarde desta ter\u00e7a-feira (19), a nova resolu\u00e7\u00e3o que disciplina as elei\u00e7\u00f5es suplementares no munic\u00edpio de Cabedelo.&hellip; <\/p>\n","protected":false},"author":1,"featured_media":73593,"comment_status":"closed","ping_status":"closed","sticky":false,"template":"","format":"standard","meta":{"sfsi_plus_gutenberg_text_before_share":"","sfsi_plus_gutenberg_show_text_before_share":"","sfsi_plus_gutenberg_icon_type":"","sfsi_plus_gutenberg_icon_alignemt":"","sfsi_plus_gutenburg_max_per_row":"","footnotes":""},"categories":[11],"tags":[],"class_list":["post-73592","post","type-post","status-publish","format-standard","has-post-thumbnail","hentry","category-politica"],"_links":{"self":[{"href":"https:\/\/www.caririemacao.com\/1\/wp-json\/wp\/v2\/posts\/73592","targetHints":{"allow":["GET"]}}],"collection":[{"href":"https:\/\/www.caririemacao.com\/1\/wp-json\/wp\/v2\/posts"}],"about":[{"href":"https:\/\/www.caririemacao.com\/1\/wp-json\/wp\/v2\/types\/post"}],"author":[{"embeddable":true,"href":"https:\/\/www.caririemacao.com\/1\/wp-json\/wp\/v2\/users\/1"}],"replies":[{"embeddable":true,"href":"https:\/\/www.caririemacao.com\/1\/wp-json\/wp\/v2\/comments?post=73592"}],"version-history":[{"count":1,"href":"https:\/\/www.caririemacao.com\/1\/wp-json\/wp\/v2\/posts\/73592\/revisions"}],"predecessor-version":[{"id":73594,"href":"https:\/\/www.caririemacao.com\/1\/wp-json\/wp\/v2\/posts\/73592\/revisions\/73594"}],"wp:featuredmedia":[{"embeddable":true,"href":"https:\/\/www.caririemacao.com\/1\/wp-json\/wp\/v2\/media\/73593"}],"wp:attachment":[{"href":"https:\/\/www.caririemacao.com\/1\/wp-json\/wp\/v2\/media?parent=73592"}],"wp:term":[{"taxonomy":"category","embeddable":true,"href":"https:\/\/www.caririemacao.com\/1\/wp-json\/wp\/v2\/categories?post=73592"},{"taxonomy":"post_tag","embeddable":true,"href":"https:\/\/www.caririemacao.com\/1\/wp-json\/wp\/v2\/tags?post=73592"}],"curies":[{"name":"wp","href":"https:\/\/api.w.org\/{rel}","templated":true}]}}