{"id":73595,"date":"2018-11-20T09:12:23","date_gmt":"2018-11-20T12:12:23","guid":{"rendered":"http:\/\/www.caririemacao.com\/1\/?p=73595"},"modified":"2018-11-20T09:12:23","modified_gmt":"2018-11-20T12:12:23","slug":"prefeito-em-exercicio-e-comitiva-de-monteiro-prestigiam-inauguracao-da-escola-tecnica-do-cariri-em-serra-branca","status":"publish","type":"post","link":"https:\/\/www.caririemacao.com\/1\/2018\/11\/20\/prefeito-em-exercicio-e-comitiva-de-monteiro-prestigiam-inauguracao-da-escola-tecnica-do-cariri-em-serra-branca\/","title":{"rendered":"Prefeito em exerc\u00edcio e comitiva de Monteiro prestigiam inaugura\u00e7\u00e3o da Escola T\u00e9cnica do Cariri em Serra Branca"},"content":{"rendered":"<p style=\"font-weight: 400;\">O Prefeito em exerc\u00edcio do munic\u00edpio de Monteiro e uma grande comitiva prestigiaram a inaugura\u00e7\u00e3o da Escola T\u00e9cnica do Cariri, em evento ocorrido no in\u00edcio da noite desta segunda feira na cidade de Serra Branca.<\/p>\n<p style=\"font-weight: 400;\">Celecileno Alves esteve entre as autoridades de todo o Cariri e de todo o estado que marcaram presen\u00e7a no momento hist\u00f3rico, que marcou a entrega de uma das maiores obras j\u00e1 realizadas nas gest\u00f5es de Ricardo Coutinho no Cariri. Foram mais de 13 milh\u00f5es de reais em investimentos no moderno pr\u00e9dio que vai abrigar a escola de ensino inovador em tempo integral e cursos t\u00e9cnicos do Cariri paraibano.<\/p>\n<p style=\"font-weight: 400;\">Cel\u00e9 esteve ao lado da secret\u00e1ria de educa\u00e7\u00e3o do munic\u00edpio Ana Lima, do presidente da c\u00e2mara de Monteiro Bero de Bertino, da secretaria executiva de educa\u00e7\u00e3o Genice Pires, al\u00e9m dos vereadores Farias, Toinho de Nequinho e H\u00e9lio Sandro.<\/p>\n<p style=\"font-weight: 400;\">\u201cViemos aqui prestigiar a obra deste governo parceiro do Cariri, parceiro da nossa Monteiro. Estivemos representando a prefeita Lorena e ouvimos do governador a afirma\u00e7\u00e3o do seu desejo de ainda antes de deixar seu mandato, entregar em nosso munic\u00edpio obras relevantes como a 1\u00aa etapa do pr\u00e9dio da sede pr\u00f3pria da UEPB que segundo ele nos confirmou j\u00e1 est\u00e1 pronto,faltando apenas o mobili\u00e1rio\u201d, disse Celecileno.<\/p>\n<p style=\"font-weight: 400;\">\u201cAl\u00e9m destas obras, o governador Ricardo ainda est\u00e1 adiantando o andamento das obras da pavimenta\u00e7\u00e3o em asfalto, que devem ser inauguradas no 1\u00ba m\u00eas da gest\u00e3o de seu sucessor Jo\u00e3o Azev\u00eado, e do aer\u00f3dromo, que vai beneficiar demais a economia de Monteiro, nos inserindo na rota de voos, inclusive com a possibilidade de voos comerciais peri\u00f3dicos\u201d, completou o prefeito em exerc\u00edcio.<\/p>\n<p style=\"font-weight: 400;\"><strong>F\u00c1BIO BRITO<\/strong><\/p>\n","protected":false},"excerpt":{"rendered":"<p>O Prefeito em exerc\u00edcio do munic\u00edpio de Monteiro e uma grande comitiva prestigiaram a inaugura\u00e7\u00e3o da Escola T\u00e9cnica do Cariri, em evento ocorrido no in\u00edcio&hellip; <\/p>\n","protected":false},"author":1,"featured_media":73620,"comment_status":"closed","ping_status":"closed","sticky":false,"template":"","format":"standard","meta":{"sfsi_plus_gutenberg_text_before_share":"","sfsi_plus_gutenberg_show_text_before_share":"","sfsi_plus_gutenberg_icon_type":"","sfsi_plus_gutenberg_icon_alignemt":"","sfsi_plus_gutenburg_max_per_row":"","footnotes":""},"categories":[2],"tags":[],"class_list":["post-73595","post","type-post","status-publish","format-standard","has-post-thumbnail","hentry","category-geral"],"_links":{"self":[{"href":"https:\/\/www.caririemacao.com\/1\/wp-json\/wp\/v2\/posts\/73595","targetHints":{"allow":["GET"]}}],"collection":[{"href":"https:\/\/www.caririemacao.com\/1\/wp-json\/wp\/v2\/posts"}],"about":[{"href":"https:\/\/www.caririemacao.com\/1\/wp-json\/wp\/v2\/types\/post"}],"author":[{"embeddable":true,"href":"https:\/\/www.caririemacao.com\/1\/wp-json\/wp\/v2\/users\/1"}],"replies":[{"embeddable":true,"href":"https:\/\/www.caririemacao.com\/1\/wp-json\/wp\/v2\/comments?post=73595"}],"version-history":[{"count":1,"href":"https:\/\/www.caririemacao.com\/1\/wp-json\/wp\/v2\/posts\/73595\/revisions"}],"predecessor-version":[{"id":73621,"href":"https:\/\/www.caririemacao.com\/1\/wp-json\/wp\/v2\/posts\/73595\/revisions\/73621"}],"wp:featuredmedia":[{"embeddable":true,"href":"https:\/\/www.caririemacao.com\/1\/wp-json\/wp\/v2\/media\/73620"}],"wp:attachment":[{"href":"https:\/\/www.caririemacao.com\/1\/wp-json\/wp\/v2\/media?parent=73595"}],"wp:term":[{"taxonomy":"category","embeddable":true,"href":"https:\/\/www.caririemacao.com\/1\/wp-json\/wp\/v2\/categories?post=73595"},{"taxonomy":"post_tag","embeddable":true,"href":"https:\/\/www.caririemacao.com\/1\/wp-json\/wp\/v2\/tags?post=73595"}],"curies":[{"name":"wp","href":"https:\/\/api.w.org\/{rel}","templated":true}]}}