{"id":73602,"date":"2018-11-20T08:07:59","date_gmt":"2018-11-20T11:07:59","guid":{"rendered":"http:\/\/www.caririemacao.com\/1\/?p=73602"},"modified":"2018-11-20T08:07:59","modified_gmt":"2018-11-20T11:07:59","slug":"prefeito-de-caraubas-prestigia-inauguracao-da-escola-tecnica-em-serra-branca","status":"publish","type":"post","link":"https:\/\/www.caririemacao.com\/1\/2018\/11\/20\/prefeito-de-caraubas-prestigia-inauguracao-da-escola-tecnica-em-serra-branca\/","title":{"rendered":"Prefeito de Cara\u00fabas prestigia inaugura\u00e7\u00e3o da Escola T\u00e9cnica em Serra Branca"},"content":{"rendered":"<p>O prefeito de Cara\u00fabas Silvano Dudu esteve participando na noite desta segunda-feira (19), na cidade de Serra Branca, da inaugura\u00e7\u00e3o da Escola Estadual Cidad\u00e3 Integral T\u00e9cnica.<\/p>\n<p>Silvano parabenizou o governador pela obra e destacou outras a\u00e7\u00f5es executadas no munic\u00edpio de Cara\u00fabas, como as estradas de Congo\/Cara\u00fabas e Cara\u00fabas \u00e0 S\u00e3o Domingos do Cariri, al\u00e9m do abastecimento d\u00b4\u00e1gua e v\u00e1rios outros investimentos.<\/p>\n<p>\u201cRicardo fica para a hist\u00f3ria como o governador que mais fez pela Para\u00edba e pela minha cidade de Cara\u00fabas. Obrigado a Ricardo por ter tido este olhar especial pelo Cariri\u201d, agradeceu.<\/p>\n<p style=\"text-align: right;\"><em><strong>Reda\u00e7\u00e3o Cariri em A\u00e7\u00e3o\u00a0<\/strong><\/em><\/p>\n","protected":false},"excerpt":{"rendered":"<p>O prefeito de Cara\u00fabas Silvano Dudu esteve participando na noite desta segunda-feira (19), na cidade de Serra Branca, da inaugura\u00e7\u00e3o da Escola Estadual Cidad\u00e3 Integral&hellip; <\/p>\n","protected":false},"author":1,"featured_media":73607,"comment_status":"closed","ping_status":"closed","sticky":false,"template":"","format":"standard","meta":{"sfsi_plus_gutenberg_text_before_share":"","sfsi_plus_gutenberg_show_text_before_share":"","sfsi_plus_gutenberg_icon_type":"","sfsi_plus_gutenberg_icon_alignemt":"","sfsi_plus_gutenburg_max_per_row":"","footnotes":""},"categories":[11],"tags":[],"class_list":["post-73602","post","type-post","status-publish","format-standard","has-post-thumbnail","hentry","category-politica"],"_links":{"self":[{"href":"https:\/\/www.caririemacao.com\/1\/wp-json\/wp\/v2\/posts\/73602","targetHints":{"allow":["GET"]}}],"collection":[{"href":"https:\/\/www.caririemacao.com\/1\/wp-json\/wp\/v2\/posts"}],"about":[{"href":"https:\/\/www.caririemacao.com\/1\/wp-json\/wp\/v2\/types\/post"}],"author":[{"embeddable":true,"href":"https:\/\/www.caririemacao.com\/1\/wp-json\/wp\/v2\/users\/1"}],"replies":[{"embeddable":true,"href":"https:\/\/www.caririemacao.com\/1\/wp-json\/wp\/v2\/comments?post=73602"}],"version-history":[{"count":3,"href":"https:\/\/www.caririemacao.com\/1\/wp-json\/wp\/v2\/posts\/73602\/revisions"}],"predecessor-version":[{"id":73608,"href":"https:\/\/www.caririemacao.com\/1\/wp-json\/wp\/v2\/posts\/73602\/revisions\/73608"}],"wp:featuredmedia":[{"embeddable":true,"href":"https:\/\/www.caririemacao.com\/1\/wp-json\/wp\/v2\/media\/73607"}],"wp:attachment":[{"href":"https:\/\/www.caririemacao.com\/1\/wp-json\/wp\/v2\/media?parent=73602"}],"wp:term":[{"taxonomy":"category","embeddable":true,"href":"https:\/\/www.caririemacao.com\/1\/wp-json\/wp\/v2\/categories?post=73602"},{"taxonomy":"post_tag","embeddable":true,"href":"https:\/\/www.caririemacao.com\/1\/wp-json\/wp\/v2\/tags?post=73602"}],"curies":[{"name":"wp","href":"https:\/\/api.w.org\/{rel}","templated":true}]}}