{"id":73605,"date":"2018-11-20T08:17:05","date_gmt":"2018-11-20T11:17:05","guid":{"rendered":"http:\/\/www.caririemacao.com\/1\/?p=73605"},"modified":"2018-11-20T08:17:05","modified_gmt":"2018-11-20T11:17:05","slug":"liderancas-de-gurjao-participam-da-inauguracao-da-escola-tecnica-em-serra-branca","status":"publish","type":"post","link":"https:\/\/www.caririemacao.com\/1\/2018\/11\/20\/liderancas-de-gurjao-participam-da-inauguracao-da-escola-tecnica-em-serra-branca\/","title":{"rendered":"Lideran\u00e7as de Gurj\u00e3o participam da inaugura\u00e7\u00e3o da Escola T\u00e9cnica em Serra Branca"},"content":{"rendered":"<p>A prefeita de Gurj\u00e3o em exerc\u00edcio, T\u00e9rcia Borges, os vereadores Adailsinho Queiroz (presidente da C\u00e2mara), Elizete, Selminha e Sandro, participaram nesta segunda-feira (19), da inaugura\u00e7\u00e3o da Escola Estadual Cidad\u00e3 Integral T\u00e9cnica da cidade de Serra Branca.<\/p>\n<p><img fetchpriority=\"high\" decoding=\"async\" class=\"aligncenter wp-image-73611 size-large\" src=\"http:\/\/www.caririemacao.com\/1\/wp-content\/uploads\/2018\/11\/ECIT-04-62-1024x683.jpg\" alt=\"\" width=\"800\" height=\"534\" srcset=\"https:\/\/www.caririemacao.com\/1\/wp-content\/uploads\/2018\/11\/ECIT-04-62-1024x683.jpg 1024w, https:\/\/www.caririemacao.com\/1\/wp-content\/uploads\/2018\/11\/ECIT-04-62-300x200.jpg 300w, https:\/\/www.caririemacao.com\/1\/wp-content\/uploads\/2018\/11\/ECIT-04-62-768x512.jpg 768w, https:\/\/www.caririemacao.com\/1\/wp-content\/uploads\/2018\/11\/ECIT-04-62.jpg 1600w\" sizes=\"(max-width: 800px) 100vw, 800px\" \/><\/p>\n<p>As lideran\u00e7as de Gurj\u00e3o, ao lado do governador Ricardo, entrega desta obra que custou cerca de 17,6 milh\u00f5es que vem trazer desenvolvimento educacional para os caririzeiros.<\/p>\n<p style=\"text-align: right;\"><strong><em>Reda\u00e7\u00e3o Cariri em A\u00e7\u00e3o\u00a0<\/em><\/strong><\/p>\n","protected":false},"excerpt":{"rendered":"<p>A prefeita de Gurj\u00e3o em exerc\u00edcio, T\u00e9rcia Borges, os vereadores Adailsinho Queiroz (presidente da C\u00e2mara), Elizete, Selminha e Sandro, participaram nesta segunda-feira (19), da inaugura\u00e7\u00e3o&hellip; <\/p>\n","protected":false},"author":1,"featured_media":73610,"comment_status":"closed","ping_status":"closed","sticky":false,"template":"","format":"standard","meta":{"sfsi_plus_gutenberg_text_before_share":"","sfsi_plus_gutenberg_show_text_before_share":"","sfsi_plus_gutenberg_icon_type":"","sfsi_plus_gutenberg_icon_alignemt":"","sfsi_plus_gutenburg_max_per_row":"","footnotes":""},"categories":[2,1],"tags":[],"class_list":["post-73605","post","type-post","status-publish","format-standard","has-post-thumbnail","hentry","category-geral","category-o-site"],"_links":{"self":[{"href":"https:\/\/www.caririemacao.com\/1\/wp-json\/wp\/v2\/posts\/73605","targetHints":{"allow":["GET"]}}],"collection":[{"href":"https:\/\/www.caririemacao.com\/1\/wp-json\/wp\/v2\/posts"}],"about":[{"href":"https:\/\/www.caririemacao.com\/1\/wp-json\/wp\/v2\/types\/post"}],"author":[{"embeddable":true,"href":"https:\/\/www.caririemacao.com\/1\/wp-json\/wp\/v2\/users\/1"}],"replies":[{"embeddable":true,"href":"https:\/\/www.caririemacao.com\/1\/wp-json\/wp\/v2\/comments?post=73605"}],"version-history":[{"count":2,"href":"https:\/\/www.caririemacao.com\/1\/wp-json\/wp\/v2\/posts\/73605\/revisions"}],"predecessor-version":[{"id":73612,"href":"https:\/\/www.caririemacao.com\/1\/wp-json\/wp\/v2\/posts\/73605\/revisions\/73612"}],"wp:featuredmedia":[{"embeddable":true,"href":"https:\/\/www.caririemacao.com\/1\/wp-json\/wp\/v2\/media\/73610"}],"wp:attachment":[{"href":"https:\/\/www.caririemacao.com\/1\/wp-json\/wp\/v2\/media?parent=73605"}],"wp:term":[{"taxonomy":"category","embeddable":true,"href":"https:\/\/www.caririemacao.com\/1\/wp-json\/wp\/v2\/categories?post=73605"},{"taxonomy":"post_tag","embeddable":true,"href":"https:\/\/www.caririemacao.com\/1\/wp-json\/wp\/v2\/tags?post=73605"}],"curies":[{"name":"wp","href":"https:\/\/api.w.org\/{rel}","templated":true}]}}