{"id":73613,"date":"2018-11-20T08:25:25","date_gmt":"2018-11-20T11:25:25","guid":{"rendered":"http:\/\/www.caririemacao.com\/1\/?p=73613"},"modified":"2018-11-20T08:25:25","modified_gmt":"2018-11-20T11:25:25","slug":"mais-medicos-abre-124-vagas-em-75-municipios-da-paraiba","status":"publish","type":"post","link":"https:\/\/www.caririemacao.com\/1\/2018\/11\/20\/mais-medicos-abre-124-vagas-em-75-municipios-da-paraiba\/","title":{"rendered":"Mais M\u00e9dicos abre 124 vagas em 75 munic\u00edpios da Para\u00edba"},"content":{"rendered":"<p>Com a sa\u00edda dos cubanos do Mais M\u00e9dicos, o programa abriu 124 vagas na Para\u00edba, distribu\u00eddas entre 75 munic\u00edpios em \u00e1reas vulner\u00e1veis ou situa\u00e7\u00e3o de extrema pobreza. O edital para sele\u00e7\u00e3o de profissionais foi publicado na edi\u00e7\u00e3o desta ter\u00e7a-feira (20) do Di\u00e1rio Oficial da Uni\u00e3o (DOU).<\/p>\n<p>Em todo o pa\u00eds, foram abertas 8.517 vagas. O edital traz detalhes dos perfis das localidades, que poder\u00e3o ser escolhidas pelos m\u00e9dicos que se candidatarem ao programa. Ser\u00e3o adotadas escalas de Equipes Multidisciplinares de Sa\u00fade Ind\u00edgena (EMSI) para\u00a0profissionais que forem trabalhar em \u00e1reas ind\u00edgenas.<\/p>\n<p>A remunera\u00e7\u00e3o oferecida pelo Programa Mais M\u00e9dicos\u00a0R$ 11.865,60 por 36 meses, com possibilidade de prorroga\u00e7\u00e3o. O governo ainda repassar\u00e1 ajuda de custo para m\u00e9dicos enviados a \u00e1reas distantes, desde que solicitado. Al\u00e9m do requerimento, o profissional deve apresentar\u00a0comprovantes de resid\u00eancia no local.<\/p>\n<p>As atividades dos profissionais do Mais M\u00e9dicos incluem oito horas acad\u00eamicas te\u00f3ricas e 32 em unidades b\u00e1sicas de sa\u00fade.<\/p>\n<p><strong>Inscri\u00e7\u00f5es<\/strong><\/p>\n<p>Podem concorrer \u00e0s vagas m\u00e9dicos brasileiros com inscri\u00e7\u00e3o no Conselho Regional de Medicina (CRM) ou com diploma revalidado no pa\u00eds. As inscri\u00e7\u00f5es devem ser feitas pelo site\u00a0<strong><a href=\"http:\/\/maismedicos.gov.br\/\" target=\"_blank\" rel=\"noopener\">maismedicos.gov.br<\/a><\/strong>. A previs\u00e3o \u00e9 de que um grupo de selecionados comece a trabalhar j\u00e1 no pr\u00f3ximo dia 3 de dezembro.<\/p>\n<p><strong>Veja rela\u00e7\u00e3o de munic\u00edpios e vagas dispon\u00edveis na Para\u00edba<\/strong><\/p>\n<table width=\"544\">\n<tbody>\n<tr>\n<td width=\"259\">MUNIC\u00cdPIO DE ATUA\u00c7\u00c3O<\/td>\n<td width=\"173\">PERFIL DE MUNIC\u00cdPIO<\/td>\n<td width=\"112\">QTDE. VAGAS<\/td>\n<\/tr>\n<tr>\n<td width=\"259\">\u00c1gua Branca<\/td>\n<td width=\"173\">7 \u2013 Extrema Pobreza<\/td>\n<td width=\"112\">3<\/td>\n<\/tr>\n<tr>\n<td width=\"259\">Aguiar<\/td>\n<td width=\"173\">7 \u2013 Extrema Pobreza<\/td>\n<td width=\"112\">1<\/td>\n<\/tr>\n<tr>\n<td width=\"259\">Alagoinha<\/td>\n<td width=\"173\">7 \u2013 Extrema Pobreza<\/td>\n<td width=\"112\">2<\/td>\n<\/tr>\n<tr>\n<td width=\"259\">Amparo<\/td>\n<td width=\"173\">7 \u2013 Extrema Pobreza<\/td>\n<td width=\"112\">1<\/td>\n<\/tr>\n<tr>\n<td width=\"259\">Araruna<\/td>\n<td width=\"173\">7 \u2013 Extrema Pobreza<\/td>\n<td width=\"112\">2<\/td>\n<\/tr>\n<tr>\n<td width=\"259\">Areia<\/td>\n<td width=\"173\">7 \u2013 Extrema Pobreza<\/td>\n<td width=\"112\">1<\/td>\n<\/tr>\n<tr>\n<td width=\"259\">Assun\u00e7\u00e3o<\/td>\n<td width=\"173\">6 \u2013 \u00c1reas vulner\u00e1veis<\/td>\n<td width=\"112\">2<\/td>\n<\/tr>\n<tr>\n<td width=\"259\">Bara\u00fana<\/td>\n<td width=\"173\">7 \u2013 Extrema Pobreza<\/td>\n<td width=\"112\">2<\/td>\n<\/tr>\n<tr>\n<td width=\"259\">Bel\u00e9m<\/td>\n<td width=\"173\">7 \u2013 Extrema Pobreza<\/td>\n<td width=\"112\">4<\/td>\n<\/tr>\n<tr>\n<td width=\"259\">Bernardino Batista<\/td>\n<td width=\"173\">7 \u2013 Extrema Pobreza<\/td>\n<td width=\"112\">2<\/td>\n<\/tr>\n<tr>\n<td width=\"259\">Boa Ventura<\/td>\n<td width=\"173\">7 \u2013 Extrema Pobreza<\/td>\n<td width=\"112\">2<\/td>\n<\/tr>\n<tr>\n<td width=\"259\">Boqueir\u00e3o<\/td>\n<td width=\"173\">3 \u2013 Capitais e RM<\/td>\n<td width=\"112\">1<\/td>\n<\/tr>\n<tr>\n<td width=\"259\">Igaracy<\/td>\n<td width=\"173\">7 \u2013 Extrema Pobreza<\/td>\n<td width=\"112\">1<\/td>\n<\/tr>\n<tr>\n<td width=\"259\">Caapor\u00e3<\/td>\n<td width=\"173\">3 \u2013 Capitais e RM<\/td>\n<td width=\"112\">1<\/td>\n<\/tr>\n<tr>\n<td width=\"259\">Cabedelo<\/td>\n<td width=\"173\">3 \u2013 Capitais e RM<\/td>\n<td width=\"112\">1<\/td>\n<\/tr>\n<tr>\n<td width=\"259\">Cacimba de Dentro<\/td>\n<td width=\"173\">7 \u2013 Extrema Pobreza<\/td>\n<td width=\"112\">2<\/td>\n<\/tr>\n<tr>\n<td width=\"259\">Cajazeiras<\/td>\n<td width=\"173\">6 \u2013 \u00c1reas vulner\u00e1veis<\/td>\n<td width=\"112\">9<\/td>\n<\/tr>\n<tr>\n<td width=\"259\">Cajazeirinhas<\/td>\n<td width=\"173\">7 \u2013 Extrema Pobreza<\/td>\n<td width=\"112\">2<\/td>\n<\/tr>\n<tr>\n<td width=\"259\">Caldas Brand\u00e3o<\/td>\n<td width=\"173\">6 \u2013 \u00c1reas vulner\u00e1veis<\/td>\n<td width=\"112\">1<\/td>\n<\/tr>\n<tr>\n<td width=\"259\">Cara\u00fabas<\/td>\n<td width=\"173\">6 \u2013 \u00c1reas vulner\u00e1veis<\/td>\n<td width=\"112\">1<\/td>\n<\/tr>\n<tr>\n<td width=\"259\">Carrapateira<\/td>\n<td width=\"173\">7 \u2013 Extrema Pobreza<\/td>\n<td width=\"112\">1<\/td>\n<\/tr>\n<tr>\n<td width=\"259\">Caturit\u00e9<\/td>\n<td width=\"173\">3 \u2013 Capitais e RM<\/td>\n<td width=\"112\">2<\/td>\n<\/tr>\n<tr>\n<td width=\"259\">Congo<\/td>\n<td width=\"173\">7 \u2013 Extrema Pobreza<\/td>\n<td width=\"112\">1<\/td>\n<\/tr>\n<tr>\n<td width=\"259\">Cuit\u00e9<\/td>\n<td width=\"173\">7 \u2013 Extrema Pobreza<\/td>\n<td width=\"112\">2<\/td>\n<\/tr>\n<tr>\n<td width=\"259\">Dami\u00e3o<\/td>\n<td width=\"173\">7 \u2013 Extrema Pobreza<\/td>\n<td width=\"112\">1<\/td>\n<\/tr>\n<tr>\n<td width=\"259\">Desterro<\/td>\n<td width=\"173\">7 \u2013 Extrema Pobreza<\/td>\n<td width=\"112\">1<\/td>\n<\/tr>\n<tr>\n<td width=\"259\">Frei Martinho<\/td>\n<td width=\"173\">6 \u2013 \u00c1reas vulner\u00e1veis<\/td>\n<td width=\"112\">1<\/td>\n<\/tr>\n<tr>\n<td width=\"259\">Gado Bravo<\/td>\n<td width=\"173\">7 \u2013 Extrema Pobreza<\/td>\n<td width=\"112\">1<\/td>\n<\/tr>\n<tr>\n<td width=\"259\">Guarabira<\/td>\n<td width=\"173\">2 \u2013 Grupo II do PAB<\/td>\n<td width=\"112\">2<\/td>\n<\/tr>\n<tr>\n<td width=\"259\">Gurj\u00e3o<\/td>\n<td width=\"173\">6 \u2013 \u00c1reas vulner\u00e1veis<\/td>\n<td width=\"112\">1<\/td>\n<\/tr>\n<tr>\n<td width=\"259\">Itapororoca<\/td>\n<td width=\"173\">7 \u2013 Extrema Pobreza<\/td>\n<td width=\"112\">1<\/td>\n<\/tr>\n<tr>\n<td width=\"259\">Juazeirinho<\/td>\n<td width=\"173\">7 \u2013 Extrema Pobreza<\/td>\n<td width=\"112\">1<\/td>\n<\/tr>\n<tr>\n<td width=\"259\">Junco do Serid\u00f3<\/td>\n<td width=\"173\">6 \u2013 \u00c1reas vulner\u00e1veis<\/td>\n<td width=\"112\">1<\/td>\n<\/tr>\n<tr>\n<td width=\"259\">Juru<\/td>\n<td width=\"173\">7 \u2013 Extrema Pobreza<\/td>\n<td width=\"112\">1<\/td>\n<\/tr>\n<tr>\n<td width=\"259\">Lagoa<\/td>\n<td width=\"173\">7 \u2013 Extrema Pobreza<\/td>\n<td width=\"112\">2<\/td>\n<\/tr>\n<tr>\n<td width=\"259\">Mana\u00edra<\/td>\n<td width=\"173\">7 \u2013 Extrema Pobreza<\/td>\n<td width=\"112\">2<\/td>\n<\/tr>\n<tr>\n<td width=\"259\">Mogeiro<\/td>\n<td width=\"173\">7 \u2013 Extrema Pobreza<\/td>\n<td width=\"112\">1<\/td>\n<\/tr>\n<tr>\n<td width=\"259\">Monteiro<\/td>\n<td width=\"173\">6 \u2013 \u00c1reas vulner\u00e1veis<\/td>\n<td width=\"112\">2<\/td>\n<\/tr>\n<tr>\n<td width=\"259\">Mulungu<\/td>\n<td width=\"173\">7 \u2013 Extrema Pobreza<\/td>\n<td width=\"112\">1<\/td>\n<\/tr>\n<tr>\n<td width=\"259\">Nova Olinda<\/td>\n<td width=\"173\">7 \u2013 Extrema Pobreza<\/td>\n<td width=\"112\">1<\/td>\n<\/tr>\n<tr>\n<td width=\"259\">Olho d\u2019\u00c1gua<\/td>\n<td width=\"173\">7 \u2013 Extrema Pobreza<\/td>\n<td width=\"112\">2<\/td>\n<\/tr>\n<tr>\n<td width=\"259\">Patos<\/td>\n<td width=\"173\">5 \u2013 G100<\/td>\n<td width=\"112\">2<\/td>\n<\/tr>\n<tr>\n<td width=\"259\">Pedra Lavrada<\/td>\n<td width=\"173\">7 \u2013 Extrema Pobreza<\/td>\n<td width=\"112\">1<\/td>\n<\/tr>\n<tr>\n<td width=\"259\">Pianc\u00f3<\/td>\n<td width=\"173\">7 \u2013 Extrema Pobreza<\/td>\n<td width=\"112\">2<\/td>\n<\/tr>\n<tr>\n<td width=\"259\">Picu\u00ed<\/td>\n<td width=\"173\">7 \u2013 Extrema Pobreza<\/td>\n<td width=\"112\">1<\/td>\n<\/tr>\n<tr>\n<td width=\"259\">Pilar<\/td>\n<td width=\"173\">7 \u2013 Extrema Pobreza<\/td>\n<td width=\"112\">1<\/td>\n<\/tr>\n<tr>\n<td width=\"259\">Pirpirituba<\/td>\n<td width=\"173\">7 \u2013 Extrema Pobreza<\/td>\n<td width=\"112\">1<\/td>\n<\/tr>\n<tr>\n<td width=\"259\">Po\u00e7o Dantas<\/td>\n<td width=\"173\">7 \u2013 Extrema Pobreza<\/td>\n<td width=\"112\">1<\/td>\n<\/tr>\n<tr>\n<td width=\"259\">Pombal<\/td>\n<td width=\"173\">6 \u2013 \u00c1reas vulner\u00e1veis<\/td>\n<td width=\"112\">7<\/td>\n<\/tr>\n<tr>\n<td width=\"259\">Princesa Isabel<\/td>\n<td width=\"173\">6 \u2013 \u00c1reas vulner\u00e1veis<\/td>\n<td width=\"112\">4<\/td>\n<\/tr>\n<tr>\n<td width=\"259\">Puxinan\u00e3<\/td>\n<td width=\"173\">3 \u2013 Capitais e RM<\/td>\n<td width=\"112\">1<\/td>\n<\/tr>\n<tr>\n<td width=\"259\">Rem\u00edgio<\/td>\n<td width=\"173\">7 \u2013 Extrema Pobreza<\/td>\n<td width=\"112\">1<\/td>\n<\/tr>\n<tr>\n<td width=\"259\">Riach\u00e3o<\/td>\n<td width=\"173\">7 \u2013 Extrema Pobreza<\/td>\n<td width=\"112\">1<\/td>\n<\/tr>\n<tr>\n<td width=\"259\">Salgado de S\u00e3o F\u00e9lix<\/td>\n<td width=\"173\">7 \u2013 Extrema Pobreza<\/td>\n<td width=\"112\">1<\/td>\n<\/tr>\n<tr>\n<td width=\"259\">Santa Cec\u00edlia<\/td>\n<td width=\"173\">7 \u2013 Extrema Pobreza<\/td>\n<td width=\"112\">3<\/td>\n<\/tr>\n<tr>\n<td width=\"259\">Santana de Mangueira<\/td>\n<td width=\"173\">7 \u2013 Extrema Pobreza<\/td>\n<td width=\"112\">1<\/td>\n<\/tr>\n<tr>\n<td width=\"259\">Santana dos Garrotes<\/td>\n<td width=\"173\">7 \u2013 Extrema Pobreza<\/td>\n<td width=\"112\">1<\/td>\n<\/tr>\n<tr>\n<td width=\"259\">Joca Claudino<\/td>\n<td width=\"173\">7 \u2013 Extrema Pobreza<\/td>\n<td width=\"112\">1<\/td>\n<\/tr>\n<tr>\n<td width=\"259\">Santa Rita<\/td>\n<td width=\"173\">5 \u2013 G100<\/td>\n<td width=\"112\">2<\/td>\n<\/tr>\n<tr>\n<td width=\"259\">S\u00e3o Bento<\/td>\n<td width=\"173\">6 \u2013 \u00c1reas vulner\u00e1veis<\/td>\n<td width=\"112\">2<\/td>\n<\/tr>\n<tr>\n<td width=\"259\">S\u00e3o Bentinho<\/td>\n<td width=\"173\">6 \u2013 \u00c1reas vulner\u00e1veis<\/td>\n<td width=\"112\">1<\/td>\n<\/tr>\n<tr>\n<td width=\"259\">S\u00e3o Jos\u00e9 de Piranha<\/td>\n<td width=\"173\">7 \u2013 Extrema Pobreza<\/td>\n<td width=\"112\">2<\/td>\n<\/tr>\n<tr>\n<td width=\"259\">S\u00e3o Jos\u00e9 de Princesa<\/td>\n<td width=\"173\">7 \u2013 Extrema Pobreza<\/td>\n<td width=\"112\">2<\/td>\n<\/tr>\n<tr>\n<td width=\"259\">S\u00e3o Jos\u00e9 do Sabugi<\/td>\n<td width=\"173\">6 \u2013 \u00c1reas vulner\u00e1veis<\/td>\n<td width=\"112\">1<\/td>\n<\/tr>\n<tr>\n<td width=\"259\">S\u00e3o Sebasti\u00e3o do Umbuzeiro<\/td>\n<td width=\"173\">7 \u2013 Extrema Pobreza<\/td>\n<td width=\"112\">1<\/td>\n<\/tr>\n<tr>\n<td width=\"259\">S\u00e3o Vicente do Serid\u00f3<\/td>\n<td width=\"173\">7 \u2013 Extrema Pobreza<\/td>\n<td width=\"112\">1<\/td>\n<\/tr>\n<tr>\n<td width=\"259\">Serra Grande<\/td>\n<td width=\"173\">7 \u2013 Extrema Pobreza<\/td>\n<td width=\"112\">1<\/td>\n<\/tr>\n<tr>\n<td width=\"259\">Sol\u00e2nea<\/td>\n<td width=\"173\">7 \u2013 Extrema Pobreza<\/td>\n<td width=\"112\">1<\/td>\n<\/tr>\n<tr>\n<td width=\"259\">Sossego<\/td>\n<td width=\"173\">7 \u2013 Extrema Pobreza<\/td>\n<td width=\"112\">1<\/td>\n<\/tr>\n<tr>\n<td width=\"259\">Sousa<\/td>\n<td width=\"173\">6 \u2013 \u00c1reas vulner\u00e1veis<\/td>\n<td width=\"112\">2<\/td>\n<\/tr>\n<tr>\n<td width=\"259\">Sum\u00e9<\/td>\n<td width=\"173\">6 \u2013 \u00c1reas vulner\u00e1veis<\/td>\n<td width=\"112\">1<\/td>\n<\/tr>\n<tr>\n<td width=\"259\">Tapero\u00e1<\/td>\n<td width=\"173\">7 \u2013 Extrema Pobreza<\/td>\n<td width=\"112\">2<\/td>\n<\/tr>\n<tr>\n<td width=\"259\">Teixeira<\/td>\n<td width=\"173\">7 \u2013 Extrema Pobreza<\/td>\n<td width=\"112\">2<\/td>\n<\/tr>\n<tr>\n<td width=\"259\">Triunfo<\/td>\n<td width=\"173\">7 \u2013 Extrema Pobreza<\/td>\n<td width=\"112\">1<\/td>\n<\/tr>\n<tr>\n<td width=\"259\">Umbuzeiro<\/td>\n<td width=\"173\">7 \u2013 Extrema Pobreza<\/td>\n<td width=\"112\">2<\/td>\n<\/tr>\n<\/tbody>\n<\/table>\n<p style=\"text-align: right;\"><strong>Ag\u00eancia Brasil\/Foto: Internet\u00a0<\/strong><\/p>\n","protected":false},"excerpt":{"rendered":"<p>Com a sa\u00edda dos cubanos do Mais M\u00e9dicos, o programa abriu 124 vagas na Para\u00edba, distribu\u00eddas entre 75 munic\u00edpios em \u00e1reas vulner\u00e1veis ou situa\u00e7\u00e3o de&hellip; <\/p>\n","protected":false},"author":1,"featured_media":28337,"comment_status":"closed","ping_status":"closed","sticky":false,"template":"","format":"standard","meta":{"sfsi_plus_gutenberg_text_before_share":"","sfsi_plus_gutenberg_show_text_before_share":"","sfsi_plus_gutenberg_icon_type":"","sfsi_plus_gutenberg_icon_alignemt":"","sfsi_plus_gutenburg_max_per_row":"","footnotes":""},"categories":[6],"tags":[],"class_list":["post-73613","post","type-post","status-publish","format-standard","has-post-thumbnail","hentry","category-cidades"],"_links":{"self":[{"href":"https:\/\/www.caririemacao.com\/1\/wp-json\/wp\/v2\/posts\/73613","targetHints":{"allow":["GET"]}}],"collection":[{"href":"https:\/\/www.caririemacao.com\/1\/wp-json\/wp\/v2\/posts"}],"about":[{"href":"https:\/\/www.caririemacao.com\/1\/wp-json\/wp\/v2\/types\/post"}],"author":[{"embeddable":true,"href":"https:\/\/www.caririemacao.com\/1\/wp-json\/wp\/v2\/users\/1"}],"replies":[{"embeddable":true,"href":"https:\/\/www.caririemacao.com\/1\/wp-json\/wp\/v2\/comments?post=73613"}],"version-history":[{"count":1,"href":"https:\/\/www.caririemacao.com\/1\/wp-json\/wp\/v2\/posts\/73613\/revisions"}],"predecessor-version":[{"id":73614,"href":"https:\/\/www.caririemacao.com\/1\/wp-json\/wp\/v2\/posts\/73613\/revisions\/73614"}],"wp:featuredmedia":[{"embeddable":true,"href":"https:\/\/www.caririemacao.com\/1\/wp-json\/wp\/v2\/media\/28337"}],"wp:attachment":[{"href":"https:\/\/www.caririemacao.com\/1\/wp-json\/wp\/v2\/media?parent=73613"}],"wp:term":[{"taxonomy":"category","embeddable":true,"href":"https:\/\/www.caririemacao.com\/1\/wp-json\/wp\/v2\/categories?post=73613"},{"taxonomy":"post_tag","embeddable":true,"href":"https:\/\/www.caririemacao.com\/1\/wp-json\/wp\/v2\/tags?post=73613"}],"curies":[{"name":"wp","href":"https:\/\/api.w.org\/{rel}","templated":true}]}}