{"id":73624,"date":"2018-11-20T16:16:52","date_gmt":"2018-11-20T19:16:52","guid":{"rendered":"http:\/\/www.caririemacao.com\/1\/?p=73624"},"modified":"2018-11-20T16:16:52","modified_gmt":"2018-11-20T19:16:52","slug":"ricardo-cartaxo-tem-que-tomar-cuidado-com-peripecias-dentro-da-prefeitura","status":"publish","type":"post","link":"https:\/\/www.caririemacao.com\/1\/2018\/11\/20\/ricardo-cartaxo-tem-que-tomar-cuidado-com-peripecias-dentro-da-prefeitura\/","title":{"rendered":"Ricardo: \u201cCartaxo tem que tomar cuidado com perip\u00e9cias dentro da Prefeitura\u201d"},"content":{"rendered":"<p>O\u00a0vernador Ricardo Coutinho (PSB) rebateu as cr\u00edticas feitas pelo prefeito de Jo\u00e3o Pessoa, Luciano Cartaxo (PV), em rela\u00e7\u00e3o a sua a\u00e7\u00e3o sobre a mesa diretora da Assembleia Legislativa da Para\u00edba e declarou que Cartaxo deveria ficar mais atento aos n\u00fameros da prefeitura.<\/p>\n<p>\u2013 Eu acho que Cartaxo tem que tomar muito cuidado com as perip\u00e9cias que existem ali dentro da Prefeitura. Sinceramente, eu acho que vai se dar mal \u2013 disse.<\/p>\n<p>*As informa\u00e7\u00f5es foram veiculadas na R\u00e1dio Arapuan FM<\/p>\n<p>Para\u00edba Online<\/p>\n","protected":false},"excerpt":{"rendered":"<p>O\u00a0vernador Ricardo Coutinho (PSB) rebateu as cr\u00edticas feitas pelo prefeito de Jo\u00e3o Pessoa, Luciano Cartaxo (PV), em rela\u00e7\u00e3o a sua a\u00e7\u00e3o sobre a mesa diretora&hellip; <\/p>\n","protected":false},"author":1,"featured_media":73625,"comment_status":"closed","ping_status":"closed","sticky":false,"template":"","format":"standard","meta":{"sfsi_plus_gutenberg_text_before_share":"","sfsi_plus_gutenberg_show_text_before_share":"","sfsi_plus_gutenberg_icon_type":"","sfsi_plus_gutenberg_icon_alignemt":"","sfsi_plus_gutenburg_max_per_row":"","footnotes":""},"categories":[11],"tags":[],"class_list":["post-73624","post","type-post","status-publish","format-standard","has-post-thumbnail","hentry","category-politica"],"_links":{"self":[{"href":"https:\/\/www.caririemacao.com\/1\/wp-json\/wp\/v2\/posts\/73624","targetHints":{"allow":["GET"]}}],"collection":[{"href":"https:\/\/www.caririemacao.com\/1\/wp-json\/wp\/v2\/posts"}],"about":[{"href":"https:\/\/www.caririemacao.com\/1\/wp-json\/wp\/v2\/types\/post"}],"author":[{"embeddable":true,"href":"https:\/\/www.caririemacao.com\/1\/wp-json\/wp\/v2\/users\/1"}],"replies":[{"embeddable":true,"href":"https:\/\/www.caririemacao.com\/1\/wp-json\/wp\/v2\/comments?post=73624"}],"version-history":[{"count":2,"href":"https:\/\/www.caririemacao.com\/1\/wp-json\/wp\/v2\/posts\/73624\/revisions"}],"predecessor-version":[{"id":73627,"href":"https:\/\/www.caririemacao.com\/1\/wp-json\/wp\/v2\/posts\/73624\/revisions\/73627"}],"wp:featuredmedia":[{"embeddable":true,"href":"https:\/\/www.caririemacao.com\/1\/wp-json\/wp\/v2\/media\/73625"}],"wp:attachment":[{"href":"https:\/\/www.caririemacao.com\/1\/wp-json\/wp\/v2\/media?parent=73624"}],"wp:term":[{"taxonomy":"category","embeddable":true,"href":"https:\/\/www.caririemacao.com\/1\/wp-json\/wp\/v2\/categories?post=73624"},{"taxonomy":"post_tag","embeddable":true,"href":"https:\/\/www.caririemacao.com\/1\/wp-json\/wp\/v2\/tags?post=73624"}],"curies":[{"name":"wp","href":"https:\/\/api.w.org\/{rel}","templated":true}]}}