{"id":73631,"date":"2018-11-20T16:33:03","date_gmt":"2018-11-20T19:33:03","guid":{"rendered":"http:\/\/www.caririemacao.com\/1\/?p=73631"},"modified":"2018-11-20T16:33:03","modified_gmt":"2018-11-20T19:33:03","slug":"gervasio-defende-reducao-de-secretariado-e-diz-que-joao-tomara-medidas-necessarias","status":"publish","type":"post","link":"https:\/\/www.caririemacao.com\/1\/2018\/11\/20\/gervasio-defende-reducao-de-secretariado-e-diz-que-joao-tomara-medidas-necessarias\/","title":{"rendered":"Gerv\u00e1sio defende redu\u00e7\u00e3o de secretariado e diz que Jo\u00e3o \u201ctomar\u00e1 medidas necess\u00e1rias\u201d"},"content":{"rendered":"<p>O presidente da Assembleia Legislativa da Para\u00edba (ALPB), Gerv\u00e1sio Maia (PSB), defendeu\u00a0a redu\u00e7\u00e3o do n\u00famero de secretarias no no governo de Jo\u00e3o Azev\u00eado. Para o deputado, essa redu\u00e7\u00e3o j\u00e1 existe na gest\u00e3o Ricardo Coutinho (PSB) de forma mais \u201cacanhada\u201d. O parlamentar, no entanto, acredita que o importante \u00e9 que os servi\u00e7os n\u00e3o sejam prejudicados.<\/p>\n<p>\u201cAqui na Para\u00edba, por exemplo, temos centenas de cargos comissionados que Ricardo Coutinho nunca nomeou, eles ficaram desocupados ao longo de toda gest\u00e3o. O resultado de tudo isso foi o sucesso de uma gest\u00e3o que ganhou destaque nacional. Eu n\u00e3o conversei com Jo\u00e3o ainda, mas ele conhece profundamente a m\u00e1quina administrativa, esteve ao lado de Ricardo e construiu ao lado dele isso tudo que a Para\u00edba ganhou. Ele est\u00e1 muito preparado para tomar as decis\u00f5es que forem necess\u00e1rias, eu coloco muita f\u00e9 nisso\u201d, afirmou.<\/p>\n<p>J\u00e1 no \u00e2mbito nacional, o futuro deputado federal espera que Jair Bolsonaro tenha bom senso. \u201cEspero que haja bom senso e sensatez por parte do presidente eleito no que diz respeito ao funcionamento da m\u00e1quina estatal em Bras\u00edlia. Fechar minist\u00e9rios que possam trazer consequ\u00eancias negativas ao funcionamento da maquina estatal e ao acesso da popula\u00e7\u00e3o \u00e9 algo que tem que ser muito pensado\u201d, refletiu.<\/p>\n<p>Blog do Gordinho<\/p>\n","protected":false},"excerpt":{"rendered":"<p>O presidente da Assembleia Legislativa da Para\u00edba (ALPB), Gerv\u00e1sio Maia (PSB), defendeu\u00a0a redu\u00e7\u00e3o do n\u00famero de secretarias no no governo de Jo\u00e3o Azev\u00eado. Para o&hellip; <\/p>\n","protected":false},"author":1,"featured_media":61529,"comment_status":"closed","ping_status":"closed","sticky":false,"template":"","format":"standard","meta":{"sfsi_plus_gutenberg_text_before_share":"","sfsi_plus_gutenberg_show_text_before_share":"","sfsi_plus_gutenberg_icon_type":"","sfsi_plus_gutenberg_icon_alignemt":"","sfsi_plus_gutenburg_max_per_row":"","footnotes":""},"categories":[11],"tags":[],"class_list":["post-73631","post","type-post","status-publish","format-standard","has-post-thumbnail","hentry","category-politica"],"_links":{"self":[{"href":"https:\/\/www.caririemacao.com\/1\/wp-json\/wp\/v2\/posts\/73631","targetHints":{"allow":["GET"]}}],"collection":[{"href":"https:\/\/www.caririemacao.com\/1\/wp-json\/wp\/v2\/posts"}],"about":[{"href":"https:\/\/www.caririemacao.com\/1\/wp-json\/wp\/v2\/types\/post"}],"author":[{"embeddable":true,"href":"https:\/\/www.caririemacao.com\/1\/wp-json\/wp\/v2\/users\/1"}],"replies":[{"embeddable":true,"href":"https:\/\/www.caririemacao.com\/1\/wp-json\/wp\/v2\/comments?post=73631"}],"version-history":[{"count":2,"href":"https:\/\/www.caririemacao.com\/1\/wp-json\/wp\/v2\/posts\/73631\/revisions"}],"predecessor-version":[{"id":73633,"href":"https:\/\/www.caririemacao.com\/1\/wp-json\/wp\/v2\/posts\/73631\/revisions\/73633"}],"wp:featuredmedia":[{"embeddable":true,"href":"https:\/\/www.caririemacao.com\/1\/wp-json\/wp\/v2\/media\/61529"}],"wp:attachment":[{"href":"https:\/\/www.caririemacao.com\/1\/wp-json\/wp\/v2\/media?parent=73631"}],"wp:term":[{"taxonomy":"category","embeddable":true,"href":"https:\/\/www.caririemacao.com\/1\/wp-json\/wp\/v2\/categories?post=73631"},{"taxonomy":"post_tag","embeddable":true,"href":"https:\/\/www.caririemacao.com\/1\/wp-json\/wp\/v2\/tags?post=73631"}],"curies":[{"name":"wp","href":"https:\/\/api.w.org\/{rel}","templated":true}]}}