{"id":73634,"date":"2018-11-20T16:40:22","date_gmt":"2018-11-20T19:40:22","guid":{"rendered":"http:\/\/www.caririemacao.com\/1\/?p=73634"},"modified":"2018-11-20T16:40:22","modified_gmt":"2018-11-20T19:40:22","slug":"jair-bolsonaro-confirma-henrique-mandetta-para-ministerio-da-saude","status":"publish","type":"post","link":"https:\/\/www.caririemacao.com\/1\/2018\/11\/20\/jair-bolsonaro-confirma-henrique-mandetta-para-ministerio-da-saude\/","title":{"rendered":"Jair Bolsonaro confirma Henrique Mandetta para Minist\u00e9rio da Sa\u00fade"},"content":{"rendered":"<p>O presidente eleito, Jair Bolsonaro, confirmou hoje (20), na sua conta do Twitter, que o deputado federal Luiz Henrique Mandetta (DEM-MS), de 53 anos, vai assumir o Minist\u00e9rio da Sa\u00fade a partir de janeiro de 2019. Ortopedista pedi\u00e1trico, Mandetta n\u00e3o se candidatou \u00e0 reelei\u00e7\u00e3o, portanto estar\u00e1 sem mandato no pr\u00f3ximo ano.\u201cCom o apoio da grande maioria dos profissionais de sa\u00fade do Brasil, anuncio como futuro Ministro da Sa\u00fade, o doutor Luiz Henrique Mandetta\u201d, postou Bolsonaro no Twiter.<\/p>\n<p>Bolsonaro disse que Mandetta ter\u00e1 de \u201ctapar ralos\u201d, facilitando a vida das pessoas com pouco dinheiro em caixa. O futuro ministro chegou ao gabinete de transi\u00e7\u00e3o no Centro Cultural do Banco do Brasil (CCBB) no in\u00edcio da tarde para se reunir com Bolsonaro.<\/p>\n<p>Mandetta tentou evitar a imprensa. Com a ajuda do deputado federal Efraim Filho (DEM-PB), o futuro ministro entrou com um grupo de assessores parlamentares.<\/p>\n<p>&nbsp;<\/p>\n<p>Ag\u00eancia Brasil<\/p>\n","protected":false},"excerpt":{"rendered":"<p>O presidente eleito, Jair Bolsonaro, confirmou hoje (20), na sua conta do Twitter, que o deputado federal Luiz Henrique Mandetta (DEM-MS), de 53 anos, vai&hellip; <\/p>\n","protected":false},"author":1,"featured_media":73635,"comment_status":"closed","ping_status":"closed","sticky":false,"template":"","format":"standard","meta":{"sfsi_plus_gutenberg_text_before_share":"","sfsi_plus_gutenberg_show_text_before_share":"","sfsi_plus_gutenberg_icon_type":"","sfsi_plus_gutenberg_icon_alignemt":"","sfsi_plus_gutenburg_max_per_row":"","footnotes":""},"categories":[11],"tags":[],"class_list":["post-73634","post","type-post","status-publish","format-standard","has-post-thumbnail","hentry","category-politica"],"_links":{"self":[{"href":"https:\/\/www.caririemacao.com\/1\/wp-json\/wp\/v2\/posts\/73634","targetHints":{"allow":["GET"]}}],"collection":[{"href":"https:\/\/www.caririemacao.com\/1\/wp-json\/wp\/v2\/posts"}],"about":[{"href":"https:\/\/www.caririemacao.com\/1\/wp-json\/wp\/v2\/types\/post"}],"author":[{"embeddable":true,"href":"https:\/\/www.caririemacao.com\/1\/wp-json\/wp\/v2\/users\/1"}],"replies":[{"embeddable":true,"href":"https:\/\/www.caririemacao.com\/1\/wp-json\/wp\/v2\/comments?post=73634"}],"version-history":[{"count":1,"href":"https:\/\/www.caririemacao.com\/1\/wp-json\/wp\/v2\/posts\/73634\/revisions"}],"predecessor-version":[{"id":73639,"href":"https:\/\/www.caririemacao.com\/1\/wp-json\/wp\/v2\/posts\/73634\/revisions\/73639"}],"wp:featuredmedia":[{"embeddable":true,"href":"https:\/\/www.caririemacao.com\/1\/wp-json\/wp\/v2\/media\/73635"}],"wp:attachment":[{"href":"https:\/\/www.caririemacao.com\/1\/wp-json\/wp\/v2\/media?parent=73634"}],"wp:term":[{"taxonomy":"category","embeddable":true,"href":"https:\/\/www.caririemacao.com\/1\/wp-json\/wp\/v2\/categories?post=73634"},{"taxonomy":"post_tag","embeddable":true,"href":"https:\/\/www.caririemacao.com\/1\/wp-json\/wp\/v2\/tags?post=73634"}],"curies":[{"name":"wp","href":"https:\/\/api.w.org\/{rel}","templated":true}]}}