{"id":73640,"date":"2018-11-20T16:46:52","date_gmt":"2018-11-20T19:46:52","guid":{"rendered":"http:\/\/www.caririemacao.com\/1\/?p=73640"},"modified":"2018-11-20T16:46:52","modified_gmt":"2018-11-20T19:46:52","slug":"haddad-diz-que-denuncia-repete-acusacoes-sem-provas-feitas-a-justica-eleitoral","status":"publish","type":"post","link":"https:\/\/www.caririemacao.com\/1\/2018\/11\/20\/haddad-diz-que-denuncia-repete-acusacoes-sem-provas-feitas-a-justica-eleitoral\/","title":{"rendered":"Haddad diz que den\u00fancia repete acusa\u00e7\u00f5es sem provas feitas \u00e0 justi\u00e7a eleitoral"},"content":{"rendered":"<p>A defesa do ex-prefeito Fernando Haddad, vice na chapa de Lula (PT) na disputa presidencial, ingressou nesta segunda (10) com um pedido \u00e0 Justi\u00e7a criminal para que as acusa\u00e7\u00f5es contra ele de\u00a0corrup\u00e7\u00e3o passiva e lavagem de dinheiro\u00a0sejam rejeitadas por falta de provas.<\/p>\n<p>O advogado de Haddad, Pierpaolo Bottini, diz que a den\u00fancia contra o seu cliente n\u00e3o vai al\u00e9m do que diz o delator Ricardo Pessoa, controlador das empresas UTC e Constran, e o Supremo Tribunal Federal j\u00e1 decidiu que palavra de delator precisa ser confirmada com provas.<\/p>\n<p>Na \u00faltima ter\u00e7a (4), o promotor Marcelo Mendroni apresentou uma den\u00fancia na qual acusa Haddad de corrup\u00e7\u00e3o passiva, lavagem de dinheiro e forma\u00e7\u00e3o de quadrilha. O promotor usa a dela\u00e7\u00e3o de Pessoa para sustentar a acusa\u00e7\u00e3o de que o empres\u00e1rio pagou uma d\u00edvida de R$ 2,6 milh\u00f5es da\u00a0campanha de Haddad, em 2012, junto a uma gr\u00e1fica.<\/p>\n<p>Para a defesa de Haddad, a den\u00fancia \u00e9 \u201cinepta\u201d porque n\u00e3o houve nenhuma investiga\u00e7\u00e3o a partir da dela\u00e7\u00e3o do empres\u00e1rio, que foi preso pela Lava Jato e fez um acordo de colabora\u00e7\u00e3o em 2015. \u201cSuas declara\u00e7\u00f5es n\u00e3o servem como prova, mas apenas como meio de obten\u00e7\u00e3o de provas, como j\u00e1 decidiu o STF por diversas vezes\u201d, diz a pe\u00e7a apresentada nesta segunda.<\/p>\n<p>N\u00e3o h\u00e1 nem prova de caixa dois, crime que j\u00e1 \u00e9 apurado pela justi\u00e7a eleitoral desde maio, ainda segundo a defesa de Haddad.<\/p>\n<p>O advogado do ex-prefeito afirma que as declara\u00e7\u00f5es do delator precisam ser analisadas com reserva porque Haddad contrariou os interesses dele quando esteve na prefeitura de S\u00e3o Paulo, entre 2013 e 2016.<\/p>\n<p>O ex-prefeito\u00a0cancelou uma obra que a\u00a0Constran\u00a0havia conquistado com outra empreiteira, um t\u00fanel na avenida Jornalista Roberto Marinho, porque havia ind\u00edcios de superfaturamento.<\/p>\n<p>&nbsp;<\/p>\n<p>Folha de S. Paulo<\/p>\n","protected":false},"excerpt":{"rendered":"<p>A defesa do ex-prefeito Fernando Haddad, vice na chapa de Lula (PT) na disputa presidencial, ingressou nesta segunda (10) com um pedido \u00e0 Justi\u00e7a criminal&hellip; <\/p>\n","protected":false},"author":1,"featured_media":67845,"comment_status":"closed","ping_status":"closed","sticky":false,"template":"","format":"standard","meta":{"sfsi_plus_gutenberg_text_before_share":"","sfsi_plus_gutenberg_show_text_before_share":"","sfsi_plus_gutenberg_icon_type":"","sfsi_plus_gutenberg_icon_alignemt":"","sfsi_plus_gutenburg_max_per_row":"","footnotes":""},"categories":[11],"tags":[],"class_list":["post-73640","post","type-post","status-publish","format-standard","has-post-thumbnail","hentry","category-politica"],"_links":{"self":[{"href":"https:\/\/www.caririemacao.com\/1\/wp-json\/wp\/v2\/posts\/73640","targetHints":{"allow":["GET"]}}],"collection":[{"href":"https:\/\/www.caririemacao.com\/1\/wp-json\/wp\/v2\/posts"}],"about":[{"href":"https:\/\/www.caririemacao.com\/1\/wp-json\/wp\/v2\/types\/post"}],"author":[{"embeddable":true,"href":"https:\/\/www.caririemacao.com\/1\/wp-json\/wp\/v2\/users\/1"}],"replies":[{"embeddable":true,"href":"https:\/\/www.caririemacao.com\/1\/wp-json\/wp\/v2\/comments?post=73640"}],"version-history":[{"count":1,"href":"https:\/\/www.caririemacao.com\/1\/wp-json\/wp\/v2\/posts\/73640\/revisions"}],"predecessor-version":[{"id":73642,"href":"https:\/\/www.caririemacao.com\/1\/wp-json\/wp\/v2\/posts\/73640\/revisions\/73642"}],"wp:featuredmedia":[{"embeddable":true,"href":"https:\/\/www.caririemacao.com\/1\/wp-json\/wp\/v2\/media\/67845"}],"wp:attachment":[{"href":"https:\/\/www.caririemacao.com\/1\/wp-json\/wp\/v2\/media?parent=73640"}],"wp:term":[{"taxonomy":"category","embeddable":true,"href":"https:\/\/www.caririemacao.com\/1\/wp-json\/wp\/v2\/categories?post=73640"},{"taxonomy":"post_tag","embeddable":true,"href":"https:\/\/www.caririemacao.com\/1\/wp-json\/wp\/v2\/tags?post=73640"}],"curies":[{"name":"wp","href":"https:\/\/api.w.org\/{rel}","templated":true}]}}