{"id":73641,"date":"2018-11-20T17:18:54","date_gmt":"2018-11-20T20:18:54","guid":{"rendered":"http:\/\/www.caririemacao.com\/1\/?p=73641"},"modified":"2018-11-20T17:18:54","modified_gmt":"2018-11-20T20:18:54","slug":"em-brasilia-adriano-cobra-liberacao-de-recursos-para-pavimentacao","status":"publish","type":"post","link":"https:\/\/www.caririemacao.com\/1\/2018\/11\/20\/em-brasilia-adriano-cobra-liberacao-de-recursos-para-pavimentacao\/","title":{"rendered":"Em Bras\u00edlia, Adriano cobra libera\u00e7\u00e3o de recursos para pavimenta\u00e7\u00e3o"},"content":{"rendered":"<p style=\"font-weight: 400;\">O prefeito de S\u00e3o Sebasti\u00e3o do Umbuzeiro, Adriano Wolff, acompanhado do deputado federal Efraim Filho, se reuniu na manh\u00e3 desta ter\u00e7a-feira (20), com o Secret\u00e1rio Nacional de Mobilidade Urbana, In\u00e1cio Bento, em Bras\u00edlia.<\/p>\n<p style=\"font-weight: 400;\">Na oportunidade, o prefeito solicitou o empenho do Secret\u00e1rio e do deputado Efraim Filho para que ambos cobrem do Governo Federal a libera\u00e7\u00e3o de recursos para pavimenta\u00e7\u00e3o de ruas no munic\u00edpio de S\u00e3o Sebasti\u00e3o do Umbuzeiro.<\/p>\n<p style=\"font-weight: 400;\">O prefeito destacou ainda que o deputado Efraim Filho destinou uma emenda no valor de 750 mil reais para pavimenta\u00e7\u00e3o, e a libera\u00e7\u00e3o desse recurso \u00e9 de extrema import\u00e2ncia para a execu\u00e7\u00e3o das obras, que garantir\u00e3o melhor acesso e qualidade de vida para a popula\u00e7\u00e3o umbuzeirense.<\/p>\n<p style=\"font-weight: 400;\"><strong>ASCOM<\/strong><\/p>\n","protected":false},"excerpt":{"rendered":"<p>O prefeito de S\u00e3o Sebasti\u00e3o do Umbuzeiro, Adriano Wolff, acompanhado do deputado federal Efraim Filho, se reuniu na manh\u00e3 desta ter\u00e7a-feira (20), com o Secret\u00e1rio&hellip; <\/p>\n","protected":false},"author":1,"featured_media":73655,"comment_status":"closed","ping_status":"closed","sticky":false,"template":"","format":"standard","meta":{"sfsi_plus_gutenberg_text_before_share":"","sfsi_plus_gutenberg_show_text_before_share":"","sfsi_plus_gutenberg_icon_type":"","sfsi_plus_gutenberg_icon_alignemt":"","sfsi_plus_gutenburg_max_per_row":"","footnotes":""},"categories":[6],"tags":[],"class_list":["post-73641","post","type-post","status-publish","format-standard","has-post-thumbnail","hentry","category-cidades"],"_links":{"self":[{"href":"https:\/\/www.caririemacao.com\/1\/wp-json\/wp\/v2\/posts\/73641","targetHints":{"allow":["GET"]}}],"collection":[{"href":"https:\/\/www.caririemacao.com\/1\/wp-json\/wp\/v2\/posts"}],"about":[{"href":"https:\/\/www.caririemacao.com\/1\/wp-json\/wp\/v2\/types\/post"}],"author":[{"embeddable":true,"href":"https:\/\/www.caririemacao.com\/1\/wp-json\/wp\/v2\/users\/1"}],"replies":[{"embeddable":true,"href":"https:\/\/www.caririemacao.com\/1\/wp-json\/wp\/v2\/comments?post=73641"}],"version-history":[{"count":1,"href":"https:\/\/www.caririemacao.com\/1\/wp-json\/wp\/v2\/posts\/73641\/revisions"}],"predecessor-version":[{"id":73656,"href":"https:\/\/www.caririemacao.com\/1\/wp-json\/wp\/v2\/posts\/73641\/revisions\/73656"}],"wp:featuredmedia":[{"embeddable":true,"href":"https:\/\/www.caririemacao.com\/1\/wp-json\/wp\/v2\/media\/73655"}],"wp:attachment":[{"href":"https:\/\/www.caririemacao.com\/1\/wp-json\/wp\/v2\/media?parent=73641"}],"wp:term":[{"taxonomy":"category","embeddable":true,"href":"https:\/\/www.caririemacao.com\/1\/wp-json\/wp\/v2\/categories?post=73641"},{"taxonomy":"post_tag","embeddable":true,"href":"https:\/\/www.caririemacao.com\/1\/wp-json\/wp\/v2\/tags?post=73641"}],"curies":[{"name":"wp","href":"https:\/\/api.w.org\/{rel}","templated":true}]}}