{"id":73643,"date":"2018-11-20T16:55:55","date_gmt":"2018-11-20T19:55:55","guid":{"rendered":"http:\/\/www.caririemacao.com\/1\/?p=73643"},"modified":"2018-11-20T16:55:55","modified_gmt":"2018-11-20T19:55:55","slug":"ministerio-da-saude-abre-128-vagas-na-pb-para-mais-medicos","status":"publish","type":"post","link":"https:\/\/www.caririemacao.com\/1\/2018\/11\/20\/ministerio-da-saude-abre-128-vagas-na-pb-para-mais-medicos\/","title":{"rendered":"Minist\u00e9rio da Sa\u00fade abre 128 vagas na PB para \u201cMais M\u00e9dicos\u201d"},"content":{"rendered":"<p>O Minist\u00e9rio da Sa\u00fade lan\u00e7ou nesta ter\u00e7a-feira (20) edital de sele\u00e7\u00e3o para substituir os m\u00e9dicos cubanos em todo o pa\u00eds. Ser\u00e3o 8.517 vagas para profissionais brasileiros e estrangeiros que tenham registro no CRM do Brasil, sendo 128 na Para\u00edba, distribu\u00eddas em 79 munic\u00edpios. <a href=\"http:\/\/pesquisa.in.gov.br\/imprensa\/jsp\/visualiza\/index.jsp?data=20\/11\/2018&amp;jornal=530&amp;pagina=134&amp;totalArquivos=296\">O documento est\u00e1 publicado no Di\u00e1rio Oficial da Uni\u00e3o desta ter\u00e7a.<\/a><\/p>\n<p>Os profissionais selecionados receber\u00e3o sal\u00e1rio de R$ 11.865,60 por 36 meses, com possibilidade de prorroga\u00e7\u00e3o. As atividades dos m\u00e9dicos incluem oito horas acad\u00eamicas te\u00f3ricas e 32 em unidades b\u00e1sicas de sa\u00fade.<\/p>\n<div class=\"mc-column content-text active-extra-styles \" data-block-type=\"unstyled\" data-block-weight=\"35\" data-block-id=\"7\">\n<p class=\"content-text__container \" data-track-category=\"Link no Texto\" data-track-links=\"\">O sistema de sele\u00e7\u00e3o, que estar\u00e1 dispon\u00edvel a partir de quarta-feira (21) no site do programa, vai informar o n\u00famero de vagas por munic\u00edpio, e fica com a vaga o profissional que se inscrever primeiro.<\/p>\n<\/div>\n<div class=\"mc-column content-text active-extra-styles \" data-block-type=\"unstyled\" data-block-weight=\"59\" data-block-id=\"8\">\n<p class=\"content-text__container \" data-track-category=\"Link no Texto\" data-track-links=\"\">\u201cSe voc\u00ea tem cinco vagas, os cinco primeiros ocupar\u00e3o essas vagas e n\u00e3o ficar\u00e1 mais dispon\u00edvel a vaga para o seu munic\u00edpio. Ent\u00e3o, haver\u00e1, sim, o limitador da vaga existente e a\u00ed n\u00f3s faremos isso, e o m\u00e9dico, na hora dele acessar, ele s\u00f3 vai poder acessar aonde tiver vaga ainda dispon\u00edvel\u201d, disse o ministro da Sa\u00fade, Gilberto Occhi.<\/p>\n<\/div>\n<p>Como h\u00e1 vagas em \u00e1reas distantes, ser\u00e1 repassada ajuda de custo para o m\u00e9dico que solicitar. Al\u00e9m do requerimento, o profissional dever\u00e1 anexar comprovantes de resid\u00eancia no local.<\/p>\n<p>Confira\u00a0<a href=\"http:\/\/pesquisa.in.gov.br\/imprensa\/jsp\/visualiza\/index.jsp?data=20\/11\/2018&amp;jornal=530&amp;pagina=137&amp;totalArquivos=296\">vagas<\/a>\u00a0por munic\u00edpios.<\/p>\n<p>&nbsp;<\/p>\n<p>Blog do Gordinho<\/p>\n","protected":false},"excerpt":{"rendered":"<p>O Minist\u00e9rio da Sa\u00fade lan\u00e7ou nesta ter\u00e7a-feira (20) edital de sele\u00e7\u00e3o para substituir os m\u00e9dicos cubanos em todo o pa\u00eds. Ser\u00e3o 8.517 vagas para profissionais&hellip; <\/p>\n","protected":false},"author":1,"featured_media":73644,"comment_status":"closed","ping_status":"closed","sticky":false,"template":"","format":"standard","meta":{"sfsi_plus_gutenberg_text_before_share":"","sfsi_plus_gutenberg_show_text_before_share":"","sfsi_plus_gutenberg_icon_type":"","sfsi_plus_gutenberg_icon_alignemt":"","sfsi_plus_gutenburg_max_per_row":"","footnotes":""},"categories":[50,16],"tags":[],"class_list":["post-73643","post","type-post","status-publish","format-standard","has-post-thumbnail","hentry","category-destaque","category-saude"],"_links":{"self":[{"href":"https:\/\/www.caririemacao.com\/1\/wp-json\/wp\/v2\/posts\/73643","targetHints":{"allow":["GET"]}}],"collection":[{"href":"https:\/\/www.caririemacao.com\/1\/wp-json\/wp\/v2\/posts"}],"about":[{"href":"https:\/\/www.caririemacao.com\/1\/wp-json\/wp\/v2\/types\/post"}],"author":[{"embeddable":true,"href":"https:\/\/www.caririemacao.com\/1\/wp-json\/wp\/v2\/users\/1"}],"replies":[{"embeddable":true,"href":"https:\/\/www.caririemacao.com\/1\/wp-json\/wp\/v2\/comments?post=73643"}],"version-history":[{"count":1,"href":"https:\/\/www.caririemacao.com\/1\/wp-json\/wp\/v2\/posts\/73643\/revisions"}],"predecessor-version":[{"id":73645,"href":"https:\/\/www.caririemacao.com\/1\/wp-json\/wp\/v2\/posts\/73643\/revisions\/73645"}],"wp:featuredmedia":[{"embeddable":true,"href":"https:\/\/www.caririemacao.com\/1\/wp-json\/wp\/v2\/media\/73644"}],"wp:attachment":[{"href":"https:\/\/www.caririemacao.com\/1\/wp-json\/wp\/v2\/media?parent=73643"}],"wp:term":[{"taxonomy":"category","embeddable":true,"href":"https:\/\/www.caririemacao.com\/1\/wp-json\/wp\/v2\/categories?post=73643"},{"taxonomy":"post_tag","embeddable":true,"href":"https:\/\/www.caririemacao.com\/1\/wp-json\/wp\/v2\/tags?post=73643"}],"curies":[{"name":"wp","href":"https:\/\/api.w.org\/{rel}","templated":true}]}}