{"id":73646,"date":"2018-11-20T17:03:09","date_gmt":"2018-11-20T20:03:09","guid":{"rendered":"http:\/\/www.caririemacao.com\/1\/?p=73646"},"modified":"2018-11-20T17:03:09","modified_gmt":"2018-11-20T20:03:09","slug":"jovens-sao-achados-sem-vida-entre-cajazeiras-e-sao-joao-do-rio-do-peixe","status":"publish","type":"post","link":"https:\/\/www.caririemacao.com\/1\/2018\/11\/20\/jovens-sao-achados-sem-vida-entre-cajazeiras-e-sao-joao-do-rio-do-peixe\/","title":{"rendered":"Jovens s\u00e3o achados sem vida entre Cajazeiras e S\u00e3o Jo\u00e3o do Rio do Peixe"},"content":{"rendered":"<p>Na manh\u00e3 desta ter\u00e7a-feira (20) dois jovens foram encontrados sem vida \u00e0s margens da rodovia que liga Cajazeiras a S\u00e3o Jo\u00e3o do Rio do Peixe. Segundo informa\u00e7\u00f5es preliminares, eles foram v\u00edtimas de tombamento ou acidente de tr\u00e2nsito, por\u00e9m, a pol\u00edcia tamb\u00e9m trabalha com a linha de investiga\u00e7\u00e3o de poss\u00edveis assassinatos.<\/p>\n<p>At\u00e9 o fechamento desta reportagem os jovens ainda n\u00e3o haviam sido identificados. A Pol\u00edcia est\u00e1 no local para fazer os procedimentos de praxe.<\/p>\n<p>Os corpos dever\u00e3o ser conduzidos para o N\u00facleo de Medicina e Odontologia Legal (Numol) da cidade de Patos no Sert\u00e3o da Para\u00edba.<\/p>\n<p><br clear=\"all\" \/><br clear=\"all\" \/><\/p>\n<p>Blog do Jordan Bezerra<\/p>\n","protected":false},"excerpt":{"rendered":"<p>Na manh\u00e3 desta ter\u00e7a-feira (20) dois jovens foram encontrados sem vida \u00e0s margens da rodovia que liga Cajazeiras a S\u00e3o Jo\u00e3o do Rio do Peixe.&hellip; <\/p>\n","protected":false},"author":1,"featured_media":73647,"comment_status":"closed","ping_status":"closed","sticky":false,"template":"","format":"standard","meta":{"sfsi_plus_gutenberg_text_before_share":"","sfsi_plus_gutenberg_show_text_before_share":"","sfsi_plus_gutenberg_icon_type":"","sfsi_plus_gutenberg_icon_alignemt":"","sfsi_plus_gutenburg_max_per_row":"","footnotes":""},"categories":[12],"tags":[],"class_list":["post-73646","post","type-post","status-publish","format-standard","has-post-thumbnail","hentry","category-policia"],"_links":{"self":[{"href":"https:\/\/www.caririemacao.com\/1\/wp-json\/wp\/v2\/posts\/73646","targetHints":{"allow":["GET"]}}],"collection":[{"href":"https:\/\/www.caririemacao.com\/1\/wp-json\/wp\/v2\/posts"}],"about":[{"href":"https:\/\/www.caririemacao.com\/1\/wp-json\/wp\/v2\/types\/post"}],"author":[{"embeddable":true,"href":"https:\/\/www.caririemacao.com\/1\/wp-json\/wp\/v2\/users\/1"}],"replies":[{"embeddable":true,"href":"https:\/\/www.caririemacao.com\/1\/wp-json\/wp\/v2\/comments?post=73646"}],"version-history":[{"count":1,"href":"https:\/\/www.caririemacao.com\/1\/wp-json\/wp\/v2\/posts\/73646\/revisions"}],"predecessor-version":[{"id":73648,"href":"https:\/\/www.caririemacao.com\/1\/wp-json\/wp\/v2\/posts\/73646\/revisions\/73648"}],"wp:featuredmedia":[{"embeddable":true,"href":"https:\/\/www.caririemacao.com\/1\/wp-json\/wp\/v2\/media\/73647"}],"wp:attachment":[{"href":"https:\/\/www.caririemacao.com\/1\/wp-json\/wp\/v2\/media?parent=73646"}],"wp:term":[{"taxonomy":"category","embeddable":true,"href":"https:\/\/www.caririemacao.com\/1\/wp-json\/wp\/v2\/categories?post=73646"},{"taxonomy":"post_tag","embeddable":true,"href":"https:\/\/www.caririemacao.com\/1\/wp-json\/wp\/v2\/tags?post=73646"}],"curies":[{"name":"wp","href":"https:\/\/api.w.org\/{rel}","templated":true}]}}