{"id":73652,"date":"2018-11-20T17:13:36","date_gmt":"2018-11-20T20:13:36","guid":{"rendered":"http:\/\/www.caririemacao.com\/1\/?p=73652"},"modified":"2018-11-20T17:13:36","modified_gmt":"2018-11-20T20:13:36","slug":"aparencia-de-lula-comove-juizes-que-discutem-prisao-domiciliar","status":"publish","type":"post","link":"https:\/\/www.caririemacao.com\/1\/2018\/11\/20\/aparencia-de-lula-comove-juizes-que-discutem-prisao-domiciliar\/","title":{"rendered":"Apar\u00eancia de Lula comove ju\u00edzes, que discutem pris\u00e3o domiciliar"},"content":{"rendered":"<p>A apar\u00eancia envelhecida do ex-presidente Luiz In\u00e1cio Lula da Silva (PT) teria impressionado alguns ju\u00edzes de tribunais superiores em Bras\u00edlia. Segundo apurado pela jornalista M\u00f4nica Bergamo, do jornal \u2018Folha de S. Paulo\u2019, a possibilidade de insistir na pris\u00e3o domiciliar do petista voltou a ser discutida em gabinetes.<\/p>\n<p>Preso na Superintend\u00eancia da Pol\u00edcia Federal em Curitiba desde abril, ap\u00f3s ser condenado em segunda inst\u00e2ncia, no \u00e2mbito da Lava Jato, por corrup\u00e7\u00e3o passiva e lavagem de dinheiro, o\u00a0ex-presidente prestou depoimento \u00e0 Justi\u00e7a na \u00faltima quarta-feira (14).<\/p>\n<p>O texto salienta que, mesmo tendo voltado \u00e0 pauta, a ideia da concess\u00e3o de uma pris\u00e3o domiciliar ao petista ainda \u00e9 considerada remota. O pedido foi aventado h\u00e1 alguns meses, mas foi temporariamento arquivado ap\u00f3s a altera\u00e7\u00e3o da composi\u00e7\u00e3o das turmas do Supremo Tribunal Federal (STF).<\/p>\n<p>&nbsp;<\/p>\n<p>Not\u00edcia ao Minuto<\/p>\n","protected":false},"excerpt":{"rendered":"<p>A apar\u00eancia envelhecida do ex-presidente Luiz In\u00e1cio Lula da Silva (PT) teria impressionado alguns ju\u00edzes de tribunais superiores em Bras\u00edlia. Segundo apurado pela jornalista M\u00f4nica&hellip; <\/p>\n","protected":false},"author":1,"featured_media":48143,"comment_status":"closed","ping_status":"closed","sticky":false,"template":"","format":"standard","meta":{"sfsi_plus_gutenberg_text_before_share":"","sfsi_plus_gutenberg_show_text_before_share":"","sfsi_plus_gutenberg_icon_type":"","sfsi_plus_gutenberg_icon_alignemt":"","sfsi_plus_gutenburg_max_per_row":"","footnotes":""},"categories":[50,11],"tags":[],"class_list":["post-73652","post","type-post","status-publish","format-standard","has-post-thumbnail","hentry","category-destaque","category-politica"],"_links":{"self":[{"href":"https:\/\/www.caririemacao.com\/1\/wp-json\/wp\/v2\/posts\/73652","targetHints":{"allow":["GET"]}}],"collection":[{"href":"https:\/\/www.caririemacao.com\/1\/wp-json\/wp\/v2\/posts"}],"about":[{"href":"https:\/\/www.caririemacao.com\/1\/wp-json\/wp\/v2\/types\/post"}],"author":[{"embeddable":true,"href":"https:\/\/www.caririemacao.com\/1\/wp-json\/wp\/v2\/users\/1"}],"replies":[{"embeddable":true,"href":"https:\/\/www.caririemacao.com\/1\/wp-json\/wp\/v2\/comments?post=73652"}],"version-history":[{"count":1,"href":"https:\/\/www.caririemacao.com\/1\/wp-json\/wp\/v2\/posts\/73652\/revisions"}],"predecessor-version":[{"id":73653,"href":"https:\/\/www.caririemacao.com\/1\/wp-json\/wp\/v2\/posts\/73652\/revisions\/73653"}],"wp:featuredmedia":[{"embeddable":true,"href":"https:\/\/www.caririemacao.com\/1\/wp-json\/wp\/v2\/media\/48143"}],"wp:attachment":[{"href":"https:\/\/www.caririemacao.com\/1\/wp-json\/wp\/v2\/media?parent=73652"}],"wp:term":[{"taxonomy":"category","embeddable":true,"href":"https:\/\/www.caririemacao.com\/1\/wp-json\/wp\/v2\/categories?post=73652"},{"taxonomy":"post_tag","embeddable":true,"href":"https:\/\/www.caririemacao.com\/1\/wp-json\/wp\/v2\/tags?post=73652"}],"curies":[{"name":"wp","href":"https:\/\/api.w.org\/{rel}","templated":true}]}}