{"id":73654,"date":"2018-11-20T17:21:51","date_gmt":"2018-11-20T20:21:51","guid":{"rendered":"http:\/\/www.caririemacao.com\/1\/?p=73654"},"modified":"2018-11-20T17:21:51","modified_gmt":"2018-11-20T20:21:51","slug":"profissionais-da-prefeitura-de-sume-recebem-oficina-sobre-medidas-socioeducativas","status":"publish","type":"post","link":"https:\/\/www.caririemacao.com\/1\/2018\/11\/20\/profissionais-da-prefeitura-de-sume-recebem-oficina-sobre-medidas-socioeducativas\/","title":{"rendered":"Profissionais da Prefeitura de Sum\u00e9 recebem oficina sobre medidas socioeducativas"},"content":{"rendered":"<p>O munic\u00edpio de Sum\u00e9 foi sede nesta segunda-feira (19) da Oficina de Capacita\u00e7\u00e3o sobre Medidas Socioeducativas e Fortalecimento da Rede Socioassistencial, que foi realizada em parceria com a Secretaria Estadual de Desenvolvimento Humano, atrav\u00e9s da Coordenadoria Estadual do Sistema Nacional de Atendimento Socioeducativo (Sinase).<\/p>\n<p>O evento aconteceu durante toda a segunda-feira, no audit\u00f3rio da Secretaria Municipal de Educa\u00e7\u00e3o, tendo como coordenadora a assistente social do Sinase, Andreza Ribeiro. A oficina teve o objetivo de repassar aos munic\u00edpios como acontece o atendimento socioeducativo da rede em meio aberto, atrav\u00e9s dos Creas, Cras e Conselhos Tutelares.<\/p>\n<p>Na oficina foram apresentados o hist\u00f3rico dos direitos da crian\u00e7a e do adolescente, at\u00e9 a promulga\u00e7\u00e3o do Estatuto e como o munic\u00edpio precisa se preparar para atender a demanda e garantir pol\u00edticas p\u00fablicas para os menores.<\/p>\n<p>Muitos profissionais da rede de assist\u00eancia participaram do evento adquirindo informa\u00e7\u00f5es e trocando experi\u00eancias sobre as fragilidades e potencialidades dos servi\u00e7os. Outros munic\u00edpios tamb\u00e9m enviaram seus representantes, a exemplo de Camala\u00fa, Congo, Monteiro e S\u00e3o Jos\u00e9 dos Cordeiros.<\/p>\n<p>De acordo com a secretaria de Assist\u00eancia Social de Sum\u00e9, Tanniery L\u00eala, a oficina surgiu atrav\u00e9s de uma agenda de compromissos formalizada pela Prefeitura de Sum\u00e9. Ela disse que os \u00f3rg\u00e3os e setores que recebem os jovens que cumprem medidas socioeducativas precisam estar alinhados e orientados sobre como receber esses jovens e o que repassar para eles.<\/p>\n<p>&nbsp;<\/p>\n<p>Ascom PMS<\/p>\n","protected":false},"excerpt":{"rendered":"<p>O munic\u00edpio de Sum\u00e9 foi sede nesta segunda-feira (19) da Oficina de Capacita\u00e7\u00e3o sobre Medidas Socioeducativas e Fortalecimento da Rede Socioassistencial, que foi realizada em&hellip; <\/p>\n","protected":false},"author":1,"featured_media":45057,"comment_status":"closed","ping_status":"closed","sticky":false,"template":"","format":"standard","meta":{"sfsi_plus_gutenberg_text_before_share":"","sfsi_plus_gutenberg_show_text_before_share":"","sfsi_plus_gutenberg_icon_type":"","sfsi_plus_gutenberg_icon_alignemt":"","sfsi_plus_gutenburg_max_per_row":"","footnotes":""},"categories":[2],"tags":[],"class_list":["post-73654","post","type-post","status-publish","format-standard","has-post-thumbnail","hentry","category-geral"],"_links":{"self":[{"href":"https:\/\/www.caririemacao.com\/1\/wp-json\/wp\/v2\/posts\/73654","targetHints":{"allow":["GET"]}}],"collection":[{"href":"https:\/\/www.caririemacao.com\/1\/wp-json\/wp\/v2\/posts"}],"about":[{"href":"https:\/\/www.caririemacao.com\/1\/wp-json\/wp\/v2\/types\/post"}],"author":[{"embeddable":true,"href":"https:\/\/www.caririemacao.com\/1\/wp-json\/wp\/v2\/users\/1"}],"replies":[{"embeddable":true,"href":"https:\/\/www.caririemacao.com\/1\/wp-json\/wp\/v2\/comments?post=73654"}],"version-history":[{"count":1,"href":"https:\/\/www.caririemacao.com\/1\/wp-json\/wp\/v2\/posts\/73654\/revisions"}],"predecessor-version":[{"id":73659,"href":"https:\/\/www.caririemacao.com\/1\/wp-json\/wp\/v2\/posts\/73654\/revisions\/73659"}],"wp:featuredmedia":[{"embeddable":true,"href":"https:\/\/www.caririemacao.com\/1\/wp-json\/wp\/v2\/media\/45057"}],"wp:attachment":[{"href":"https:\/\/www.caririemacao.com\/1\/wp-json\/wp\/v2\/media?parent=73654"}],"wp:term":[{"taxonomy":"category","embeddable":true,"href":"https:\/\/www.caririemacao.com\/1\/wp-json\/wp\/v2\/categories?post=73654"},{"taxonomy":"post_tag","embeddable":true,"href":"https:\/\/www.caririemacao.com\/1\/wp-json\/wp\/v2\/tags?post=73654"}],"curies":[{"name":"wp","href":"https:\/\/api.w.org\/{rel}","templated":true}]}}