{"id":73660,"date":"2018-11-20T17:26:23","date_gmt":"2018-11-20T20:26:23","guid":{"rendered":"http:\/\/www.caririemacao.com\/1\/?p=73660"},"modified":"2018-11-20T17:26:23","modified_gmt":"2018-11-20T20:26:23","slug":"por-falta-de-estrutura-justica-interdita-cadeia-publica-de-prata","status":"publish","type":"post","link":"https:\/\/www.caririemacao.com\/1\/2018\/11\/20\/por-falta-de-estrutura-justica-interdita-cadeia-publica-de-prata\/","title":{"rendered":"Por falta de estrutura, Justi\u00e7a interdita cadeia p\u00fablica de Prata"},"content":{"rendered":"<p>A Justi\u00e7a julgou procedente a\u00e7\u00e3o civil p\u00fablica do Minist\u00e9rio P\u00fablico da Para\u00edba e determinou a interdi\u00e7\u00e3o da cadeia p\u00fablica de Prata, no cariri paraibano, e condenou o Estado a realizar a reforma do pr\u00e9dio. Tamb\u00e9m determinou a imediata inclus\u00e3o da previs\u00e3o or\u00e7ament\u00e1ria, devendo a obra estar inclu\u00edda at\u00e9 dezembro de 2019.O ajuizamento ocorreu devido as condi\u00e7\u00f5es prec\u00e1rias de funcionamento da cadeia, que violavam os direitos dos presos.<\/p>\n<p>De acordo com a a\u00e7\u00e3o do MP, o tratamento dispensado aos presos custodiados no estabelecimento prisional viola a Constitui\u00e7\u00e3o e a Lei de Execu\u00e7\u00e3o Penal em raz\u00e3o da precariedade das instala\u00e7\u00f5es f\u00edsicas e aus\u00eancia de programa de execu\u00e7\u00e3o penal que proporcione a ressocializa\u00e7\u00e3o dos apenados.<\/p>\n<p>Na senten\u00e7a, \u00e9 destacado que os pr\u00f3prios \u00f3rg\u00e3os da Administra\u00e7\u00e3o P\u00fablica do Estado verificaram in loco a necessidade de reforma da cadeia p\u00fablica de Prata. Al\u00e9m disso, ressalta que os fatos que ocorram com os presos \u00e9 de responsabilidade objetiva do Estado.<\/p>\n","protected":false},"excerpt":{"rendered":"<p>A Justi\u00e7a julgou procedente a\u00e7\u00e3o civil p\u00fablica do Minist\u00e9rio P\u00fablico da Para\u00edba e determinou a interdi\u00e7\u00e3o da cadeia p\u00fablica de Prata, no cariri paraibano, e&hellip; <\/p>\n","protected":false},"author":1,"featured_media":27804,"comment_status":"closed","ping_status":"closed","sticky":false,"template":"","format":"standard","meta":{"sfsi_plus_gutenberg_text_before_share":"","sfsi_plus_gutenberg_show_text_before_share":"","sfsi_plus_gutenberg_icon_type":"","sfsi_plus_gutenberg_icon_alignemt":"","sfsi_plus_gutenburg_max_per_row":"","footnotes":""},"categories":[50,2],"tags":[],"class_list":["post-73660","post","type-post","status-publish","format-standard","has-post-thumbnail","hentry","category-destaque","category-geral"],"_links":{"self":[{"href":"https:\/\/www.caririemacao.com\/1\/wp-json\/wp\/v2\/posts\/73660","targetHints":{"allow":["GET"]}}],"collection":[{"href":"https:\/\/www.caririemacao.com\/1\/wp-json\/wp\/v2\/posts"}],"about":[{"href":"https:\/\/www.caririemacao.com\/1\/wp-json\/wp\/v2\/types\/post"}],"author":[{"embeddable":true,"href":"https:\/\/www.caririemacao.com\/1\/wp-json\/wp\/v2\/users\/1"}],"replies":[{"embeddable":true,"href":"https:\/\/www.caririemacao.com\/1\/wp-json\/wp\/v2\/comments?post=73660"}],"version-history":[{"count":1,"href":"https:\/\/www.caririemacao.com\/1\/wp-json\/wp\/v2\/posts\/73660\/revisions"}],"predecessor-version":[{"id":73661,"href":"https:\/\/www.caririemacao.com\/1\/wp-json\/wp\/v2\/posts\/73660\/revisions\/73661"}],"wp:featuredmedia":[{"embeddable":true,"href":"https:\/\/www.caririemacao.com\/1\/wp-json\/wp\/v2\/media\/27804"}],"wp:attachment":[{"href":"https:\/\/www.caririemacao.com\/1\/wp-json\/wp\/v2\/media?parent=73660"}],"wp:term":[{"taxonomy":"category","embeddable":true,"href":"https:\/\/www.caririemacao.com\/1\/wp-json\/wp\/v2\/categories?post=73660"},{"taxonomy":"post_tag","embeddable":true,"href":"https:\/\/www.caririemacao.com\/1\/wp-json\/wp\/v2\/tags?post=73660"}],"curies":[{"name":"wp","href":"https:\/\/api.w.org\/{rel}","templated":true}]}}