{"id":73664,"date":"2018-11-20T17:40:49","date_gmt":"2018-11-20T20:40:49","guid":{"rendered":"http:\/\/www.caririemacao.com\/1\/?p=73664"},"modified":"2018-11-20T17:40:49","modified_gmt":"2018-11-20T20:40:49","slug":"jovem-e-assassinado-a-tiros-dentro-de-escola","status":"publish","type":"post","link":"https:\/\/www.caririemacao.com\/1\/2018\/11\/20\/jovem-e-assassinado-a-tiros-dentro-de-escola\/","title":{"rendered":"Jovem \u00e9 assassinado a tiros dentro de escola"},"content":{"rendered":"<p>O jovem Elvis Kennedy Alves Costa, de 22 anos, foi morto a tiros dentro da escola Ot\u00e1vio Amorim, na tarde desta ter\u00e7a-feira (20), em Campina Grande, no Agreste paraibano.<\/p>\n<p>A v\u00edtima foi atingida com um tiro na cabe\u00e7a e morreu no p\u00e1tio quando tinha ido levar um irm\u00e3o ao estabelecimento de ensino.<\/p>\n<p>O crime aconteceu na frente de estudantes que se preparavam para assistir aulas. Imagens de c\u00e2mera de seguran\u00e7a mostram o momento que o jovem atingido caiu ferido e os corre-corre e o desespero dos estudantes no momento dos tiros.<\/p>\n<p>A Pol\u00edcia Militar foi acionada e isolou a \u00e1rea at\u00e9 a chegada da per\u00edcia e do delegado que investigar\u00e1 o caso. A suspeita \u00e9 que a execu\u00e7\u00e3o pode se tratar de contas.<\/p>\n<p>&nbsp;<\/p>\n<p><strong>MaisPB<\/strong><\/p>\n<p>&nbsp;<\/p>\n","protected":false},"excerpt":{"rendered":"<p>O jovem Elvis Kennedy Alves Costa, de 22 anos, foi morto a tiros dentro da escola Ot\u00e1vio Amorim, na tarde desta ter\u00e7a-feira (20), em Campina&hellip; <\/p>\n","protected":false},"author":1,"featured_media":40263,"comment_status":"closed","ping_status":"closed","sticky":false,"template":"","format":"standard","meta":{"sfsi_plus_gutenberg_text_before_share":"","sfsi_plus_gutenberg_show_text_before_share":"","sfsi_plus_gutenberg_icon_type":"","sfsi_plus_gutenberg_icon_alignemt":"","sfsi_plus_gutenburg_max_per_row":"","footnotes":""},"categories":[12],"tags":[],"class_list":["post-73664","post","type-post","status-publish","format-standard","has-post-thumbnail","hentry","category-policia"],"_links":{"self":[{"href":"https:\/\/www.caririemacao.com\/1\/wp-json\/wp\/v2\/posts\/73664","targetHints":{"allow":["GET"]}}],"collection":[{"href":"https:\/\/www.caririemacao.com\/1\/wp-json\/wp\/v2\/posts"}],"about":[{"href":"https:\/\/www.caririemacao.com\/1\/wp-json\/wp\/v2\/types\/post"}],"author":[{"embeddable":true,"href":"https:\/\/www.caririemacao.com\/1\/wp-json\/wp\/v2\/users\/1"}],"replies":[{"embeddable":true,"href":"https:\/\/www.caririemacao.com\/1\/wp-json\/wp\/v2\/comments?post=73664"}],"version-history":[{"count":1,"href":"https:\/\/www.caririemacao.com\/1\/wp-json\/wp\/v2\/posts\/73664\/revisions"}],"predecessor-version":[{"id":73675,"href":"https:\/\/www.caririemacao.com\/1\/wp-json\/wp\/v2\/posts\/73664\/revisions\/73675"}],"wp:featuredmedia":[{"embeddable":true,"href":"https:\/\/www.caririemacao.com\/1\/wp-json\/wp\/v2\/media\/40263"}],"wp:attachment":[{"href":"https:\/\/www.caririemacao.com\/1\/wp-json\/wp\/v2\/media?parent=73664"}],"wp:term":[{"taxonomy":"category","embeddable":true,"href":"https:\/\/www.caririemacao.com\/1\/wp-json\/wp\/v2\/categories?post=73664"},{"taxonomy":"post_tag","embeddable":true,"href":"https:\/\/www.caririemacao.com\/1\/wp-json\/wp\/v2\/tags?post=73664"}],"curies":[{"name":"wp","href":"https:\/\/api.w.org\/{rel}","templated":true}]}}