{"id":73677,"date":"2018-11-20T18:00:09","date_gmt":"2018-11-20T21:00:09","guid":{"rendered":"http:\/\/www.caririemacao.com\/1\/?p=73677"},"modified":"2018-11-20T18:02:48","modified_gmt":"2018-11-20T21:02:48","slug":"73677","status":"publish","type":"post","link":"https:\/\/www.caririemacao.com\/1\/2018\/11\/20\/73677\/","title":{"rendered":"Minist\u00e9rio da Educa\u00e7\u00e3o anuncia mudan\u00e7as no Enem, que passar\u00e1 a ter fase geral e espec\u00edfica"},"content":{"rendered":"<p>O Minist\u00e9rio da Educa\u00e7\u00e3o (MEC) anunciou, nesta ter\u00e7a-feira, dia 20, um novo Exame Nacional do Ensino M\u00e9dio (Enem) com previs\u00e3o para vigorar a partir de 2021.<\/p>\n<p>A prova que serve de ingresso para o ensino superior passar\u00e1 a cobrar, no primeiro dia, os conte\u00fados gerais b\u00e1sicos, previstos na Base Nacional Comum Curricular (BNCC) ainda em constru\u00e7\u00e3o no Conselho Nacional de Educa\u00e7\u00e3o (CNE). No segundo dia, o candidato far\u00e1 um exame de assuntos espec\u00edficos, conforme a \u00e1rea que ele optar vinculada \u00e0 gradua\u00e7\u00e3o que pretende cursar.<\/p>\n<p>O formato atual\u00a0na mudan\u00e7a \u00e9 um reflexo da reforma do ensino m\u00e9dio, aprovada no governo Temer, que definiu cinco itiner\u00e1rios formativos para ocupar 40% da carga hor\u00e1ria dessa etapa escolar: linguagens, matem\u00e1tica, ci\u00eancias da natureza, ci\u00eancias humanas e forma\u00e7\u00e3o t\u00e9cnica e profissional.<\/p>\n<p>O ministro da Educa\u00e7\u00e3o, Rossieli Soares, afirmou que caber\u00e1 ao governo Bolsonaro dar continuidade \u00e0s mudan\u00e7as:\u00a0\u2014 Aquilo que \u00e9 norma deve ser cumprido, como s\u00e3o as diretrizes a partir de hoje homologadas pelo ministro da Educa\u00e7\u00e3o. J\u00e1 a constru\u00e7\u00e3o da m\u00e9trica da avalia\u00e7\u00e3o, a constru\u00e7\u00e3o real do Enem, vai ficar muito a cargo do novo governo logicamente.<\/p>\n<p>Rossieli fez o an\u00fancio ao homologar as Diretrizes Curriculares Nacionais para o Ensino M\u00e9dio. As mudan\u00e7as no Enem dependem ainda da aprova\u00e7\u00e3o da aprova\u00e7\u00e3o da Base Nacional Comum Curricular, cujo texto est\u00e1 no CNE. Os conselheiros pretendem aprovar este ano a reda\u00e7\u00e3o da Base para que o ministro da Educa\u00e7\u00e3o possa homolog\u00e1-la.<\/p>\n<p>&nbsp;<\/p>\n<p>G1<\/p>\n<p>&nbsp;<\/p>\n<p>&nbsp;<\/p>\n<p>&nbsp;<\/p>\n","protected":false},"excerpt":{"rendered":"<p>O Minist\u00e9rio da Educa\u00e7\u00e3o (MEC) anunciou, nesta ter\u00e7a-feira, dia 20, um novo Exame Nacional do Ensino M\u00e9dio (Enem) com previs\u00e3o para vigorar a partir de&hellip; <\/p>\n","protected":false},"author":1,"featured_media":51289,"comment_status":"closed","ping_status":"closed","sticky":false,"template":"","format":"standard","meta":{"sfsi_plus_gutenberg_text_before_share":"","sfsi_plus_gutenberg_show_text_before_share":"","sfsi_plus_gutenberg_icon_type":"","sfsi_plus_gutenberg_icon_alignemt":"","sfsi_plus_gutenburg_max_per_row":"","footnotes":""},"categories":[14],"tags":[],"class_list":["post-73677","post","type-post","status-publish","format-standard","has-post-thumbnail","hentry","category-educacao"],"_links":{"self":[{"href":"https:\/\/www.caririemacao.com\/1\/wp-json\/wp\/v2\/posts\/73677","targetHints":{"allow":["GET"]}}],"collection":[{"href":"https:\/\/www.caririemacao.com\/1\/wp-json\/wp\/v2\/posts"}],"about":[{"href":"https:\/\/www.caririemacao.com\/1\/wp-json\/wp\/v2\/types\/post"}],"author":[{"embeddable":true,"href":"https:\/\/www.caririemacao.com\/1\/wp-json\/wp\/v2\/users\/1"}],"replies":[{"embeddable":true,"href":"https:\/\/www.caririemacao.com\/1\/wp-json\/wp\/v2\/comments?post=73677"}],"version-history":[{"count":2,"href":"https:\/\/www.caririemacao.com\/1\/wp-json\/wp\/v2\/posts\/73677\/revisions"}],"predecessor-version":[{"id":73679,"href":"https:\/\/www.caririemacao.com\/1\/wp-json\/wp\/v2\/posts\/73677\/revisions\/73679"}],"wp:featuredmedia":[{"embeddable":true,"href":"https:\/\/www.caririemacao.com\/1\/wp-json\/wp\/v2\/media\/51289"}],"wp:attachment":[{"href":"https:\/\/www.caririemacao.com\/1\/wp-json\/wp\/v2\/media?parent=73677"}],"wp:term":[{"taxonomy":"category","embeddable":true,"href":"https:\/\/www.caririemacao.com\/1\/wp-json\/wp\/v2\/categories?post=73677"},{"taxonomy":"post_tag","embeddable":true,"href":"https:\/\/www.caririemacao.com\/1\/wp-json\/wp\/v2\/tags?post=73677"}],"curies":[{"name":"wp","href":"https:\/\/api.w.org\/{rel}","templated":true}]}}