{"id":73682,"date":"2018-11-20T21:41:05","date_gmt":"2018-11-21T00:41:05","guid":{"rendered":"http:\/\/www.caririemacao.com\/1\/?p=73682"},"modified":"2018-11-20T21:41:05","modified_gmt":"2018-11-21T00:41:05","slug":"prefeitura-municipal-de-prata-realiza-manutencao-de-pocos-na-zona-rural","status":"publish","type":"post","link":"https:\/\/www.caririemacao.com\/1\/2018\/11\/20\/prefeitura-municipal-de-prata-realiza-manutencao-de-pocos-na-zona-rural\/","title":{"rendered":"Prefeitura municipal de Prata realiza Manuten\u00e7\u00e3o de Po\u00e7os na Zona Rural"},"content":{"rendered":"<div>A prefeitura Municipal de Prata atrav\u00e9s da Secretaria de Agricultura\u00a0 deu in\u00edcio na manuten\u00e7\u00e3o e limpeza de po\u00e7o na zona rural do munic\u00edpio.Deu-se in\u00edcio no assentamento Z\u00e9 Marcolino na Agrovila Macacos onde a prefeitura j\u00e1 realizou manuten\u00e7\u00e3o em outras comunidades.<\/div>\n<div><\/div>\n<div>O Prefeito J\u00fanior N\u00f3brega relatou\u00a0 que: A prefeitura est\u00e1 a disposi\u00e7\u00e3o em atender qualquer solicita\u00e7\u00e3o que leve beneficio as comunidades dentro da possibilidade da prefeitura trazendo melhorias de vida ao homem do campo a exemplo de outros programas.<\/div>\n<div class=\"separator\"><a href=\"https:\/\/1.bp.blogspot.com\/-ZzfWt3lDHuk\/W_SUWobDHhI\/AAAAAAABRHo\/qNZNDKpSWtgD0qzEj4D8ahsyMY99T2bbgCLcBGAs\/s1600\/salt_20181120_200128_268.jpg\"><img fetchpriority=\"high\" decoding=\"async\" src=\"https:\/\/1.bp.blogspot.com\/-ZzfWt3lDHuk\/W_SUWobDHhI\/AAAAAAABRHo\/qNZNDKpSWtgD0qzEj4D8ahsyMY99T2bbgCLcBGAs\/s320\/salt_20181120_200128_268.jpg\" width=\"320\" height=\"320\" border=\"0\" data-original-height=\"1600\" data-original-width=\"1600\" \/><\/a><\/div>\n<p>&nbsp;<\/p>\n<p>Ascom\/Prata<\/p>\n","protected":false},"excerpt":{"rendered":"<p>A prefeitura Municipal de Prata atrav\u00e9s da Secretaria de Agricultura\u00a0 deu in\u00edcio na manuten\u00e7\u00e3o e limpeza de po\u00e7o na zona rural do munic\u00edpio.Deu-se in\u00edcio no&hellip; <\/p>\n","protected":false},"author":1,"featured_media":73683,"comment_status":"closed","ping_status":"closed","sticky":false,"template":"","format":"standard","meta":{"sfsi_plus_gutenberg_text_before_share":"","sfsi_plus_gutenberg_show_text_before_share":"","sfsi_plus_gutenberg_icon_type":"","sfsi_plus_gutenberg_icon_alignemt":"","sfsi_plus_gutenburg_max_per_row":"","footnotes":""},"categories":[6],"tags":[],"class_list":["post-73682","post","type-post","status-publish","format-standard","has-post-thumbnail","hentry","category-cidades"],"_links":{"self":[{"href":"https:\/\/www.caririemacao.com\/1\/wp-json\/wp\/v2\/posts\/73682","targetHints":{"allow":["GET"]}}],"collection":[{"href":"https:\/\/www.caririemacao.com\/1\/wp-json\/wp\/v2\/posts"}],"about":[{"href":"https:\/\/www.caririemacao.com\/1\/wp-json\/wp\/v2\/types\/post"}],"author":[{"embeddable":true,"href":"https:\/\/www.caririemacao.com\/1\/wp-json\/wp\/v2\/users\/1"}],"replies":[{"embeddable":true,"href":"https:\/\/www.caririemacao.com\/1\/wp-json\/wp\/v2\/comments?post=73682"}],"version-history":[{"count":1,"href":"https:\/\/www.caririemacao.com\/1\/wp-json\/wp\/v2\/posts\/73682\/revisions"}],"predecessor-version":[{"id":73684,"href":"https:\/\/www.caririemacao.com\/1\/wp-json\/wp\/v2\/posts\/73682\/revisions\/73684"}],"wp:featuredmedia":[{"embeddable":true,"href":"https:\/\/www.caririemacao.com\/1\/wp-json\/wp\/v2\/media\/73683"}],"wp:attachment":[{"href":"https:\/\/www.caririemacao.com\/1\/wp-json\/wp\/v2\/media?parent=73682"}],"wp:term":[{"taxonomy":"category","embeddable":true,"href":"https:\/\/www.caririemacao.com\/1\/wp-json\/wp\/v2\/categories?post=73682"},{"taxonomy":"post_tag","embeddable":true,"href":"https:\/\/www.caririemacao.com\/1\/wp-json\/wp\/v2\/tags?post=73682"}],"curies":[{"name":"wp","href":"https:\/\/api.w.org\/{rel}","templated":true}]}}