{"id":73685,"date":"2018-11-20T21:51:44","date_gmt":"2018-11-21T00:51:44","guid":{"rendered":"http:\/\/www.caririemacao.com\/1\/?p=73685"},"modified":"2018-11-20T21:51:44","modified_gmt":"2018-11-21T00:51:44","slug":"julian-lemos-indica-mais-um-paraibano-para-equipe-de-bolsonaro","status":"publish","type":"post","link":"https:\/\/www.caririemacao.com\/1\/2018\/11\/20\/julian-lemos-indica-mais-um-paraibano-para-equipe-de-bolsonaro\/","title":{"rendered":"Julian Lemos indica mais um paraibano para equipe de Bolsonaro"},"content":{"rendered":"<p>O deputado federal eleito\u00a0Julian Lemos (PSL) indicou mais um paraibano para a equipe de transi\u00e7\u00e3o do presidente eleito Jair Bolsonaro (PSL). O advogado Nildo Moreira Nunes. A informa\u00e7\u00e3o foi dada com exclusividade ao Portal ClickPB, na tarde desta ter\u00e7a-feira (20).<\/p>\n<p>Julian Lemos \u00e9 um dos nomes mais pr\u00f3ximos a Bolsonaro e foi um dos articuladores da campanha do ex-capit\u00e3o.<\/p>\n<p>Ele tamb\u00e9m indicou, antes de\u00a0Nildo Moreira Nunes, outro paraibano para a equipe de transi\u00e7\u00e3o do governo Bolsobaro, que foi T\u00e1rcio Pessoa, ex-secret\u00e1rio de Planejamento, Or\u00e7amento e Gest\u00e3o do governo comandado por Ricardo Coutinho.<\/p>\n<p>Julian tem priorizado o Nordeste, especialmente a Para\u00edba, nas suas indica\u00e7\u00f5es.\u00a0Al\u00e9m disso, Julian Lemos indicou\u00a0tamb\u00e9m\u00a0para a\u00a0equipe de transi\u00e7\u00e3o de Bolsonaro\u00a0o procurador Nacional da Fazenda, S\u00e9rgio Queiroz.<\/p>\n<p>O grupo de Desenvolvimento Regional na equipe de transi\u00e7\u00e3o de Bolsonaro \u00e9\u00a0coordenado\u00a0pelo paraibano Julian Lemos.<\/p>\n<p><strong>Perfil de\u00a0Nildo Moreira Nunes\u00a0 \u00a0<\/strong><\/p>\n<p>Bacharel em Direito, advogado especialista em Direto P\u00fablico, militante na \u00e1rea Constitucional, Administrativa e Eleitoral,\u00a0Nildo Moreira Nunes exerceu cargos de chefe da Assessoria Jur\u00eddica do Detran\/PB, assessor jur\u00eddico do Instituto de Previd\u00eancia do Munic\u00edpio de Santa Rita, assessor e consultor jur\u00eddico do munic\u00edpio de Santa Rita, foi membro do Conselho Municipal de Seguran\u00e7a P\u00fablica COMSEP, junto \u00e0\u00a0Secretaria de Seguran\u00e7a e Defesa Civil de Cabedelo, membro da Comiss\u00e3o respons\u00e1vel pelo Concurso P\u00fablico destinado ao Provimento de Cargo de Procurador do Minist\u00e9rio P\u00fablico junto ao TCE\/PB, advogado da Funda\u00e7\u00e3o Ricardo Franco com atua\u00e7\u00e3o perante o CENTRAN e DNIT, respons\u00e1vel pela duplica\u00e7\u00e3o da BR 101, assessor jur\u00eddico da Procuradoria Geral do Estado da Para\u00edba, coordenador jur\u00eddico da Secretaria de Desenvolvimento Urbano do Munic\u00edpio de Jo\u00e3o Pessoa, membro da Comiss\u00e3o de \u00c9tica da OAB\/PB, conselheiro titular da OAB\/PB, vice-presidente da 1\u00aa\u00a0C\u00e2mara da OAB\/PB, diretor da OAB\/PB, corregedor-geral da OAB\/PB.<\/p>\n<p>O advogado tamb\u00e9m j\u00e1 comp\u00f4s a lista tr\u00edplice por duas vezes do Tribunal Regional Eleitoral da Para\u00edba (TRE-PB), ao cargo de Juiz Substituto na categoria Jurista, vice-presidente do Conselho de Transpar\u00eancia P\u00fablica e Combate \u00e0 Corrup\u00e7\u00e3o do Estado da Para\u00edba.<\/p>\n<p>&nbsp;<\/p>\n<p>ClinkPB<\/p>\n","protected":false},"excerpt":{"rendered":"<p>O deputado federal eleito\u00a0Julian Lemos (PSL) indicou mais um paraibano para a equipe de transi\u00e7\u00e3o do presidente eleito Jair Bolsonaro (PSL). O advogado Nildo Moreira&hellip; <\/p>\n","protected":false},"author":1,"featured_media":73686,"comment_status":"closed","ping_status":"closed","sticky":false,"template":"","format":"standard","meta":{"sfsi_plus_gutenberg_text_before_share":"","sfsi_plus_gutenberg_show_text_before_share":"","sfsi_plus_gutenberg_icon_type":"","sfsi_plus_gutenberg_icon_alignemt":"","sfsi_plus_gutenburg_max_per_row":"","footnotes":""},"categories":[11],"tags":[],"class_list":["post-73685","post","type-post","status-publish","format-standard","has-post-thumbnail","hentry","category-politica"],"_links":{"self":[{"href":"https:\/\/www.caririemacao.com\/1\/wp-json\/wp\/v2\/posts\/73685","targetHints":{"allow":["GET"]}}],"collection":[{"href":"https:\/\/www.caririemacao.com\/1\/wp-json\/wp\/v2\/posts"}],"about":[{"href":"https:\/\/www.caririemacao.com\/1\/wp-json\/wp\/v2\/types\/post"}],"author":[{"embeddable":true,"href":"https:\/\/www.caririemacao.com\/1\/wp-json\/wp\/v2\/users\/1"}],"replies":[{"embeddable":true,"href":"https:\/\/www.caririemacao.com\/1\/wp-json\/wp\/v2\/comments?post=73685"}],"version-history":[{"count":1,"href":"https:\/\/www.caririemacao.com\/1\/wp-json\/wp\/v2\/posts\/73685\/revisions"}],"predecessor-version":[{"id":73687,"href":"https:\/\/www.caririemacao.com\/1\/wp-json\/wp\/v2\/posts\/73685\/revisions\/73687"}],"wp:featuredmedia":[{"embeddable":true,"href":"https:\/\/www.caririemacao.com\/1\/wp-json\/wp\/v2\/media\/73686"}],"wp:attachment":[{"href":"https:\/\/www.caririemacao.com\/1\/wp-json\/wp\/v2\/media?parent=73685"}],"wp:term":[{"taxonomy":"category","embeddable":true,"href":"https:\/\/www.caririemacao.com\/1\/wp-json\/wp\/v2\/categories?post=73685"},{"taxonomy":"post_tag","embeddable":true,"href":"https:\/\/www.caririemacao.com\/1\/wp-json\/wp\/v2\/tags?post=73685"}],"curies":[{"name":"wp","href":"https:\/\/api.w.org\/{rel}","templated":true}]}}