{"id":73689,"date":"2018-11-20T21:57:50","date_gmt":"2018-11-21T00:57:50","guid":{"rendered":"http:\/\/www.caririemacao.com\/1\/?p=73689"},"modified":"2018-11-20T21:57:50","modified_gmt":"2018-11-21T00:57:50","slug":"reuniao-sobre-escola-sem-partido-e-suspensa-e-mais-uma-vez-o-evento-foi-marcado-por-tumultos-e-bate-boca","status":"publish","type":"post","link":"https:\/\/www.caririemacao.com\/1\/2018\/11\/20\/reuniao-sobre-escola-sem-partido-e-suspensa-e-mais-uma-vez-o-evento-foi-marcado-por-tumultos-e-bate-boca\/","title":{"rendered":"Reuni\u00e3o sobre Escola Sem Partido \u00e9 suspensa e, mais uma vez, o evento foi marcado por tumultos e bate-boca"},"content":{"rendered":"<p>A reuni\u00e3o do projeto de lei da Escola Sem Partido foi suspensa nesta noite de ter\u00e7a-feira, 20, na comiss\u00e3o que estuda a mat\u00e9ria devido \u00e0 ordem do dia no plen\u00e1rio da C\u00e2mara. Houve pouco avan\u00e7o. A oposi\u00e7\u00e3o manteve a estrat\u00e9gia de obstruir a discuss\u00e3o e, mais uma vez, o evento foi marcado por tumultos e bate-boca.<\/p>\n<p>O projeto prev\u00ea a proibi\u00e7\u00e3o do que chama de \u201cpr\u00e1tica de doutrina\u00e7\u00e3o pol\u00edtica e ideol\u00f3gica\u201d pelos professores, al\u00e9m de vetar atividades e a veicula\u00e7\u00e3o de conte\u00fados que n\u00e3o estejam de acordo com as convic\u00e7\u00f5es morais e religiosas dos pais do estudante. Define, ainda, os deveres dos professores, que devem ser exibidos em cartazes afixados nas salas de aula.<\/p>\n<p><br clear=\"all\" \/>Noticias ao minuto<\/p>\n<p>&nbsp;<\/p>\n","protected":false},"excerpt":{"rendered":"<p>A reuni\u00e3o do projeto de lei da Escola Sem Partido foi suspensa nesta noite de ter\u00e7a-feira, 20, na comiss\u00e3o que estuda a mat\u00e9ria devido \u00e0&hellip; <\/p>\n","protected":false},"author":1,"featured_media":73690,"comment_status":"closed","ping_status":"closed","sticky":false,"template":"","format":"standard","meta":{"sfsi_plus_gutenberg_text_before_share":"","sfsi_plus_gutenberg_show_text_before_share":"","sfsi_plus_gutenberg_icon_type":"","sfsi_plus_gutenberg_icon_alignemt":"","sfsi_plus_gutenburg_max_per_row":"","footnotes":""},"categories":[50,11],"tags":[],"class_list":["post-73689","post","type-post","status-publish","format-standard","has-post-thumbnail","hentry","category-destaque","category-politica"],"_links":{"self":[{"href":"https:\/\/www.caririemacao.com\/1\/wp-json\/wp\/v2\/posts\/73689","targetHints":{"allow":["GET"]}}],"collection":[{"href":"https:\/\/www.caririemacao.com\/1\/wp-json\/wp\/v2\/posts"}],"about":[{"href":"https:\/\/www.caririemacao.com\/1\/wp-json\/wp\/v2\/types\/post"}],"author":[{"embeddable":true,"href":"https:\/\/www.caririemacao.com\/1\/wp-json\/wp\/v2\/users\/1"}],"replies":[{"embeddable":true,"href":"https:\/\/www.caririemacao.com\/1\/wp-json\/wp\/v2\/comments?post=73689"}],"version-history":[{"count":1,"href":"https:\/\/www.caririemacao.com\/1\/wp-json\/wp\/v2\/posts\/73689\/revisions"}],"predecessor-version":[{"id":73691,"href":"https:\/\/www.caririemacao.com\/1\/wp-json\/wp\/v2\/posts\/73689\/revisions\/73691"}],"wp:featuredmedia":[{"embeddable":true,"href":"https:\/\/www.caririemacao.com\/1\/wp-json\/wp\/v2\/media\/73690"}],"wp:attachment":[{"href":"https:\/\/www.caririemacao.com\/1\/wp-json\/wp\/v2\/media?parent=73689"}],"wp:term":[{"taxonomy":"category","embeddable":true,"href":"https:\/\/www.caririemacao.com\/1\/wp-json\/wp\/v2\/categories?post=73689"},{"taxonomy":"post_tag","embeddable":true,"href":"https:\/\/www.caririemacao.com\/1\/wp-json\/wp\/v2\/tags?post=73689"}],"curies":[{"name":"wp","href":"https:\/\/api.w.org\/{rel}","templated":true}]}}