{"id":73692,"date":"2018-11-20T22:03:28","date_gmt":"2018-11-21T01:03:28","guid":{"rendered":"http:\/\/www.caririemacao.com\/1\/?p=73692"},"modified":"2018-11-20T22:03:28","modified_gmt":"2018-11-21T01:03:28","slug":"botafogo-pb-anuncia-duas-contratacoes-e-retorno-de-atacante-e-cogitado","status":"publish","type":"post","link":"https:\/\/www.caririemacao.com\/1\/2018\/11\/20\/botafogo-pb-anuncia-duas-contratacoes-e-retorno-de-atacante-e-cogitado\/","title":{"rendered":"Botafogo-PB anuncia duas contrata\u00e7\u00f5es e retorno de atacante \u00e9 cogitado"},"content":{"rendered":"<p>esta ter\u00e7a-feira (20) o Botafogo-PB anunciou mais duas contrata\u00e7\u00f5es para a temporada 2019, quando disputa Paraibano, Copa do Nordeste, Copa do Brasil e Campeonato Brasileiro da S\u00e9rie C. Al\u00e9m disso, as movimenta\u00e7\u00f5es nos bastidores indicam que o clube est\u00e1 negociando o retorno de um dos seus artilheiros de 2018.<\/p>\n<div id=\"attachment_529009\" class=\"wp-caption alignnone\"><img decoding=\"async\" class=\"wp-image-529009 size-full lazyload\" data-src=\"https:\/\/paraibaonline.com.br\/wp-content\/uploads\/2018\/11\/Belo_Montagem.jpg\" data-srcset=\"https:\/\/paraibaonline.com.br\/wp-content\/uploads\/2018\/11\/Belo_Montagem.jpg 800w, https:\/\/paraibaonline.com.br\/wp-content\/uploads\/2018\/11\/Belo_Montagem-556x417.jpg 556w\" alt=\"\" src=\"data:image\/svg+xml;base64,PHN2ZyB3aWR0aD0iMSIgaGVpZ2h0PSIxIiB4bWxucz0iaHR0cDovL3d3dy53My5vcmcvMjAwMC9zdmciPjwvc3ZnPg==\" \/><\/p>\n<p class=\"wp-caption-text\">Foto: Montagem \/ Paraibaonline<\/p>\n<\/div>\n<p>As aquisi\u00e7\u00f5es tratam-se do meia Ronaldo e do lateral direito N\u00eago Potiguar. Ambos t\u00eam 23 anos e estavam disputando a divis\u00e3o de acesso do campeonato do Rio Grande do Norte pelo Alecrim de Natal.<\/p>\n<p>Os dois foram considerados destaque do Periquito natalense, chegando a compor a sele\u00e7\u00e3o do certame, que teve o Palmeira de Goianinha como campe\u00e3o.<\/p>\n<p>O novo elenco do Belo agora conta com 21 atletas. A pr\u00e9-temporada do clube est\u00e1 marcada para come\u00e7ar no dia 3 de dezembro e a apresenta\u00e7\u00e3o do novo time botafoguense para a torcida acontece no dia 8,em uma feijoada no Esporte Clube Cabo Branco.<\/p>\n<p><strong>Especula\u00e7\u00e3o<\/strong><\/p>\n<p>Um nome bastante ventilado ultimamente nos bastidores botafoguenses \u00e9 o do atacante Nando, que agrada o treinador Evaristo Piza.<\/p>\n<p>Ao fim da S\u00e9rie C, o comandante do Bota-PB colocou a perman\u00eancia do camisa 9 como prioridade, mas a falta de acerto salarial atrapalhou o desejo do t\u00e9cnico.<\/p>\n<p><strong>Confira os nomes confirmados pelo Botafogo-PB at\u00e9 o momento.<\/strong><\/p>\n<p><strong>Goleiros:<\/strong>\u00a0Saulo e Rhuan<br \/>\n<strong>Zagueiros:<\/strong>\u00a0Willian Goiano, Lula e Walber<br \/>\n<strong>Laterais-direitos:<\/strong>\u00a0N\u00eago Potiguar e Roniery<br \/>\n<strong>Laterais-esquerdos:<\/strong>\u00a0F\u00e1bio Alves e Charles<br \/>\n<strong>Volantes:<\/strong>\u00a0Djavan, Rog\u00e9rio e Carl\u00e3o<br \/>\n<strong>Meias:<\/strong>\u00a0Marcos Aur\u00e9lio, Clayton, Marcus Vin\u00edcius e Ronaldo<br \/>\n<strong>Atacantes:<\/strong>\u00a0Netinho, Dico, Adalgiso Pitbull, Paulo Ren\u00ea e Rafael Ibiapino.<\/p>\n<p>&nbsp;<\/p>\n<p>Blog do Gordinho<\/p>\n","protected":false},"excerpt":{"rendered":"<p>esta ter\u00e7a-feira (20) o Botafogo-PB anunciou mais duas contrata\u00e7\u00f5es para a temporada 2019, quando disputa Paraibano, Copa do Nordeste, Copa do Brasil e Campeonato Brasileiro&hellip; <\/p>\n","protected":false},"author":1,"featured_media":73693,"comment_status":"closed","ping_status":"closed","sticky":false,"template":"","format":"standard","meta":{"sfsi_plus_gutenberg_text_before_share":"","sfsi_plus_gutenberg_show_text_before_share":"","sfsi_plus_gutenberg_icon_type":"","sfsi_plus_gutenberg_icon_alignemt":"","sfsi_plus_gutenburg_max_per_row":"","footnotes":""},"categories":[13],"tags":[],"class_list":["post-73692","post","type-post","status-publish","format-standard","has-post-thumbnail","hentry","category-esportes"],"_links":{"self":[{"href":"https:\/\/www.caririemacao.com\/1\/wp-json\/wp\/v2\/posts\/73692","targetHints":{"allow":["GET"]}}],"collection":[{"href":"https:\/\/www.caririemacao.com\/1\/wp-json\/wp\/v2\/posts"}],"about":[{"href":"https:\/\/www.caririemacao.com\/1\/wp-json\/wp\/v2\/types\/post"}],"author":[{"embeddable":true,"href":"https:\/\/www.caririemacao.com\/1\/wp-json\/wp\/v2\/users\/1"}],"replies":[{"embeddable":true,"href":"https:\/\/www.caririemacao.com\/1\/wp-json\/wp\/v2\/comments?post=73692"}],"version-history":[{"count":1,"href":"https:\/\/www.caririemacao.com\/1\/wp-json\/wp\/v2\/posts\/73692\/revisions"}],"predecessor-version":[{"id":73694,"href":"https:\/\/www.caririemacao.com\/1\/wp-json\/wp\/v2\/posts\/73692\/revisions\/73694"}],"wp:featuredmedia":[{"embeddable":true,"href":"https:\/\/www.caririemacao.com\/1\/wp-json\/wp\/v2\/media\/73693"}],"wp:attachment":[{"href":"https:\/\/www.caririemacao.com\/1\/wp-json\/wp\/v2\/media?parent=73692"}],"wp:term":[{"taxonomy":"category","embeddable":true,"href":"https:\/\/www.caririemacao.com\/1\/wp-json\/wp\/v2\/categories?post=73692"},{"taxonomy":"post_tag","embeddable":true,"href":"https:\/\/www.caririemacao.com\/1\/wp-json\/wp\/v2\/tags?post=73692"}],"curies":[{"name":"wp","href":"https:\/\/api.w.org\/{rel}","templated":true}]}}