{"id":73700,"date":"2018-11-21T01:40:32","date_gmt":"2018-11-21T04:40:32","guid":{"rendered":"http:\/\/www.caririemacao.com\/1\/?p=73700"},"modified":"2018-11-21T01:42:56","modified_gmt":"2018-11-21T04:42:56","slug":"camara-de-sume-promove-audiencia-para-debater-pesca-predatoria","status":"publish","type":"post","link":"https:\/\/www.caririemacao.com\/1\/2018\/11\/21\/camara-de-sume-promove-audiencia-para-debater-pesca-predatoria\/","title":{"rendered":"C\u00e2mara de Sum\u00e9 promove audi\u00eancia para debater pesca predat\u00f3ria"},"content":{"rendered":"<p>A C\u00e2mara Municipal de Sum\u00e9 realizou na tarde desta ter\u00e7a-feira (20) uma importante audi\u00eancia p\u00fablica como os pescadores da cidade de Sum\u00e9.<\/p>\n<p>A audi\u00eancia foi presidida pelo vice-presidente do Poder Legislativo, Ant\u00f4nio Carlos Sarmento e secretariada pelo vereador Branco Xiliu.<\/p>\n<p><img fetchpriority=\"high\" decoding=\"async\" class=\"aligncenter wp-image-73702 size-full\" src=\"http:\/\/www.caririemacao.com\/1\/wp-content\/uploads\/2018\/11\/IMG_9138-20181121.jpg\" alt=\"\" width=\"1600\" height=\"1067\" srcset=\"https:\/\/www.caririemacao.com\/1\/wp-content\/uploads\/2018\/11\/IMG_9138-20181121.jpg 1600w, https:\/\/www.caririemacao.com\/1\/wp-content\/uploads\/2018\/11\/IMG_9138-20181121-300x200.jpg 300w, https:\/\/www.caririemacao.com\/1\/wp-content\/uploads\/2018\/11\/IMG_9138-20181121-768x512.jpg 768w, https:\/\/www.caririemacao.com\/1\/wp-content\/uploads\/2018\/11\/IMG_9138-20181121-1024x683.jpg 1024w\" sizes=\"(max-width: 1600px) 100vw, 1600px\" \/><\/p>\n<p>Audi\u00eancia foi resultado de uma solicita\u00e7\u00e3o do parlamento sumeense e teve como finalidade discutir a pesca predat\u00f3ria no A\u00e7ude P\u00fablico de Sum\u00e9, al\u00e9m de discutir as leis que regulam a pesca.<\/p>\n<p>Na ocasi\u00e3o, esteve presente o superintendente do IBAMA, Bartolomeu Amaral, o presidente da Col\u00f4nia de pecadores de Sum\u00e9, Beto Silva, e Givanildo Pereira, presidente da associa\u00e7\u00e3o de pescadores.<\/p>\n<h1 style=\"text-align: center;\"><a href=\"https:\/\/www.facebook.com\/pg\/CaririEmAcao\/photos\/?tab=album&amp;album_id=1411323235670362\">Veja Fotos. C\u00e2mara de Sum\u00e9 promove audi\u00eancia para debater pesca predat\u00f3ria<\/a><\/h1>\n<p><div class=\"ose- ose-uid-0fad223d0deb27a04182582ccb6e5914 ose-embedpress-responsive\" style=\"width:600px; height:550px; max-height:550px; max-width:100%; display:inline-block;\" data-embed-type=\"Facebook\"><iframe allowFullScreen=\"true\" class=\"embera-facebook-iframe-c55d1 lazyload\" data-src=\"https:\/\/www.facebook.com\/plugins\/post.php?href=https%3A%2F%2Fwww.facebook.com%2Fmedia%2Fset%2F%3Fset%3Da.1411323235670362%26%23038%3Btype%3D1%26%23038%3Bl%3Db65ea6a65e&width=600&height=550&show_text=true\" width=\"600\" height=\"550\" style=\"border:none;overflow:hidden\" scrolling=\"no\" frameborder=\"0\" allowTransparency=\"true\" src=\"data:image\/svg+xml;base64,PHN2ZyB3aWR0aD0iMSIgaGVpZ2h0PSIxIiB4bWxucz0iaHR0cDovL3d3dy53My5vcmcvMjAwMC9zdmciPjwvc3ZnPg==\" data-load-mode=\"1\"><\/iframe><\/div><\/p>\n<p style=\"text-align: right;\"><em><strong>Reda\u00e7\u00e3o Cariri em A\u00e7\u00e3o<\/strong><\/em><\/p>\n","protected":false},"excerpt":{"rendered":"<p>A C\u00e2mara Municipal de Sum\u00e9 realizou na tarde desta ter\u00e7a-feira (20) uma importante audi\u00eancia p\u00fablica como os pescadores da cidade de Sum\u00e9. A audi\u00eancia foi&hellip; <\/p>\n","protected":false},"author":1,"featured_media":73701,"comment_status":"closed","ping_status":"closed","sticky":false,"template":"","format":"standard","meta":{"sfsi_plus_gutenberg_text_before_share":"","sfsi_plus_gutenberg_show_text_before_share":"","sfsi_plus_gutenberg_icon_type":"","sfsi_plus_gutenberg_icon_alignemt":"","sfsi_plus_gutenburg_max_per_row":"","footnotes":""},"categories":[6],"tags":[],"class_list":["post-73700","post","type-post","status-publish","format-standard","has-post-thumbnail","hentry","category-cidades"],"_links":{"self":[{"href":"https:\/\/www.caririemacao.com\/1\/wp-json\/wp\/v2\/posts\/73700","targetHints":{"allow":["GET"]}}],"collection":[{"href":"https:\/\/www.caririemacao.com\/1\/wp-json\/wp\/v2\/posts"}],"about":[{"href":"https:\/\/www.caririemacao.com\/1\/wp-json\/wp\/v2\/types\/post"}],"author":[{"embeddable":true,"href":"https:\/\/www.caririemacao.com\/1\/wp-json\/wp\/v2\/users\/1"}],"replies":[{"embeddable":true,"href":"https:\/\/www.caririemacao.com\/1\/wp-json\/wp\/v2\/comments?post=73700"}],"version-history":[{"count":1,"href":"https:\/\/www.caririemacao.com\/1\/wp-json\/wp\/v2\/posts\/73700\/revisions"}],"predecessor-version":[{"id":73703,"href":"https:\/\/www.caririemacao.com\/1\/wp-json\/wp\/v2\/posts\/73700\/revisions\/73703"}],"wp:featuredmedia":[{"embeddable":true,"href":"https:\/\/www.caririemacao.com\/1\/wp-json\/wp\/v2\/media\/73701"}],"wp:attachment":[{"href":"https:\/\/www.caririemacao.com\/1\/wp-json\/wp\/v2\/media?parent=73700"}],"wp:term":[{"taxonomy":"category","embeddable":true,"href":"https:\/\/www.caririemacao.com\/1\/wp-json\/wp\/v2\/categories?post=73700"},{"taxonomy":"post_tag","embeddable":true,"href":"https:\/\/www.caririemacao.com\/1\/wp-json\/wp\/v2\/tags?post=73700"}],"curies":[{"name":"wp","href":"https:\/\/api.w.org\/{rel}","templated":true}]}}