{"id":73706,"date":"2018-11-21T06:58:22","date_gmt":"2018-11-21T09:58:22","guid":{"rendered":"http:\/\/www.caririemacao.com\/1\/?p=73706"},"modified":"2018-11-21T06:58:22","modified_gmt":"2018-11-21T09:58:22","slug":"comecam-hoje-as-inscricoes-para-o-preenchimento-de-128-vagas-no-programa-mais-medicos-na-pb","status":"publish","type":"post","link":"https:\/\/www.caririemacao.com\/1\/2018\/11\/21\/comecam-hoje-as-inscricoes-para-o-preenchimento-de-128-vagas-no-programa-mais-medicos-na-pb\/","title":{"rendered":"Come\u00e7am hoje as inscri\u00e7\u00f5es para o preenchimento de 128 vagas no programa Mais M\u00e9dicos na PB"},"content":{"rendered":"<p>Come\u00e7am nesta quarta-feira (21), as inscri\u00e7\u00f5es para o preenchimento de 128 vagas em 79 cidades da Para\u00edba para o programa Mais M\u00e9dicos.<\/p>\n<p>O edital foi publicado ontem (20), no\u00a0<a href=\"http:\/\/pesquisa.in.gov.br\/imprensa\/jsp\/visualiza\/index.jsp?data=20\/11\/2018&amp;jornal=530&amp;pagina=134&amp;totalArquivos=296\">Di\u00e1rio Oficial da Uni\u00e3o (DOU).<\/a>Dessas 128 vagas, quatro delas s\u00e3o destinadas para Distritos Sanit\u00e1rios Especiais Ind\u00edgenas (DSEI).<\/p>\n<p><a href=\"http:\/\/pesquisa.in.gov.br\/imprensa\/jsp\/visualiza\/index.jsp?data=20\/11\/2018&amp;jornal=530&amp;pagina=167&amp;totalArquivos=296\">Confira as vagas destinadas para DSEI<\/a><\/p>\n<p>As vagas abertas s\u00e3o para profissionais brasileiros e estrangeiros que tenham registro no CRM do Brasil\u00a0para substituir os m\u00e9dicos cubanos,\u00a0que desde a semana passada come\u00e7aram a deixar os munic\u00edpios, ap\u00f3s o an\u00fancio da sa\u00edda de Cuba do programa.<\/p>\n<p>As inscri\u00e7\u00f5es\u00a0seguem at\u00e9 o domingo (25) e devem ser feitas atrav\u00e9s do site\u00a0<a href=\"http:\/\/maismedicos.gov.br\/\">do programa Mais M\u00e9dicos<\/a>. No ato da inscri\u00e7\u00e3o,\u00a0o profissional escolher\u00e1 o munic\u00edpio dispon\u00edvel para a atua\u00e7\u00e3o.<\/p>\n<p><a href=\"http:\/\/pesquisa.in.gov.br\/imprensa\/jsp\/visualiza\/index.jsp?data=20\/11\/2018&amp;jornal=530&amp;pagina=145&amp;totalArquivos=296\">Confira as vagas para cada munic\u00edpio<\/a><\/p>\n<p>O sal\u00e1rio \u00e9 de R$ 11.800,00, e os m\u00e9dicos devem iniciar as atividades nos munic\u00edpios a partir de 3 de dezembro, tendo como a data-limite 7 de dezembro.<\/p>\n<p>Para atuar no Mais M\u00e9dicos, os profissionais sem CRM n\u00e3o precisar\u00e3o fazer o Revalida. Eles poder\u00e3o fazer o Revalida caso queiram exercer atividade tamb\u00e9m fora do programa.<\/p>\n<p>\u201cSe voc\u00ea tem cinco vagas, os cinco primeiros ocupar\u00e3o essas vagas e n\u00e3o ficar\u00e1 mais dispon\u00edvel a vaga para o seu munic\u00edpio. Ent\u00e3o, haver\u00e1, sim, o limitador da vaga existentee a\u00ed n\u00f3s faremos isso, e o m\u00e9dico, na hora dele acessar, ele s\u00f3 vai poder acessar aonde tiver vaga ainda dispon\u00edvel\u201d, disse o ministro da Sa\u00fade, Gilberto Occhi.<\/p>\n","protected":false},"excerpt":{"rendered":"<p>Come\u00e7am nesta quarta-feira (21), as inscri\u00e7\u00f5es para o preenchimento de 128 vagas em 79 cidades da Para\u00edba para o programa Mais M\u00e9dicos. O edital foi&hellip; <\/p>\n","protected":false},"author":1,"featured_media":73707,"comment_status":"closed","ping_status":"closed","sticky":false,"template":"","format":"standard","meta":{"sfsi_plus_gutenberg_text_before_share":"","sfsi_plus_gutenberg_show_text_before_share":"","sfsi_plus_gutenberg_icon_type":"","sfsi_plus_gutenberg_icon_alignemt":"","sfsi_plus_gutenburg_max_per_row":"","footnotes":""},"categories":[16],"tags":[],"class_list":["post-73706","post","type-post","status-publish","format-standard","has-post-thumbnail","hentry","category-saude"],"_links":{"self":[{"href":"https:\/\/www.caririemacao.com\/1\/wp-json\/wp\/v2\/posts\/73706","targetHints":{"allow":["GET"]}}],"collection":[{"href":"https:\/\/www.caririemacao.com\/1\/wp-json\/wp\/v2\/posts"}],"about":[{"href":"https:\/\/www.caririemacao.com\/1\/wp-json\/wp\/v2\/types\/post"}],"author":[{"embeddable":true,"href":"https:\/\/www.caririemacao.com\/1\/wp-json\/wp\/v2\/users\/1"}],"replies":[{"embeddable":true,"href":"https:\/\/www.caririemacao.com\/1\/wp-json\/wp\/v2\/comments?post=73706"}],"version-history":[{"count":1,"href":"https:\/\/www.caririemacao.com\/1\/wp-json\/wp\/v2\/posts\/73706\/revisions"}],"predecessor-version":[{"id":73708,"href":"https:\/\/www.caririemacao.com\/1\/wp-json\/wp\/v2\/posts\/73706\/revisions\/73708"}],"wp:featuredmedia":[{"embeddable":true,"href":"https:\/\/www.caririemacao.com\/1\/wp-json\/wp\/v2\/media\/73707"}],"wp:attachment":[{"href":"https:\/\/www.caririemacao.com\/1\/wp-json\/wp\/v2\/media?parent=73706"}],"wp:term":[{"taxonomy":"category","embeddable":true,"href":"https:\/\/www.caririemacao.com\/1\/wp-json\/wp\/v2\/categories?post=73706"},{"taxonomy":"post_tag","embeddable":true,"href":"https:\/\/www.caririemacao.com\/1\/wp-json\/wp\/v2\/tags?post=73706"}],"curies":[{"name":"wp","href":"https:\/\/api.w.org\/{rel}","templated":true}]}}