{"id":73711,"date":"2018-11-21T07:04:39","date_gmt":"2018-11-21T10:04:39","guid":{"rendered":"http:\/\/www.caririemacao.com\/1\/?p=73711"},"modified":"2018-11-21T07:04:39","modified_gmt":"2018-11-21T10:04:39","slug":"brasil-encerra-o-ano-com-vitoria-sobre-camaroes-por-1-a-0","status":"publish","type":"post","link":"https:\/\/www.caririemacao.com\/1\/2018\/11\/21\/brasil-encerra-o-ano-com-vitoria-sobre-camaroes-por-1-a-0\/","title":{"rendered":"Brasil encerra o ano com vit\u00f3ria sobre Camar\u00f5es por 1 a 0"},"content":{"rendered":"<p>Uma dor na virilha tirou o atacante Neymar da \u00faltima partida do Brasil em 2018. O atacante saiu aos 7 minutos de jogo contra Camar\u00f5es, nesta ter\u00e7a-feira (20), um amistoso vencido por 1&#215;0 pelos brasileiros no Est\u00e1dio MK, na cidade de Milton Keynes, Sudeste da Inglaterra, a 70 quil\u00f4metros de Londres.<\/p>\n<p>De acordo com o m\u00e9dico da sele\u00e7\u00e3o, Rodrigo Lasmar, o jogador sentiu um \u201cinc\u00f4modo\u201d e, por isso, teve que ser substitu\u00eddo. A gravidade da les\u00e3o ainda ser\u00e1 avaliada e somente ent\u00e3o se saber\u00e1 se ele ter\u00e1 condi\u00e7\u00f5es de jogo pelo Paris Saint-Germain na pr\u00f3xima partida pelo campeonato franc\u00eas.<\/p>\n<p>O gol brasileiro contra Camar\u00f5es foi marcado por Richarlison \u2013 justamente o substituto de Neymar \u2013 aos 44 minutos do primeiro tempo, de cabe\u00e7a, aproveitando um escanteio batido por William. O t\u00e9cnico Tite aproveitou a partida para testar diversos reservas e escalou o time com Ederson, Danilo, Marquinhos, Pablo e Alex Sandro; Arthur, Alan (Paulinho), Wallace (William), e Douglas Costa (Roberto Firmino); Gabriel Jesus e Neymar (Richarlison).<\/p>\n<p>O jogo contra Camar\u00f5es, que tem como t\u00e9cnico o holand\u00eas Clarence Seedorf, ex-atacante do Botafogo, foi o segundo dos dois amistosos disputados pela sele\u00e7\u00e3o brasileira nesta viagem \u00e0 Inglaterra. No primeiro jogo, o Brasil venceu o Uruguai por 1&#215;0, gol de Neymar.<\/p>\n<p>Os amistosos fazem parte da prepara\u00e7\u00e3o sele\u00e7\u00e3o para a Copa Am\u00e9rica, que ser\u00e1 disputada de 14 de junho a 7 de julho de 2019 no Brasil.<\/p>\n<p>&nbsp;<\/p>\n<p>Ag\u00eancia Brasil<\/p>\n","protected":false},"excerpt":{"rendered":"<p>Uma dor na virilha tirou o atacante Neymar da \u00faltima partida do Brasil em 2018. O atacante saiu aos 7 minutos de jogo contra Camar\u00f5es,&hellip; <\/p>\n","protected":false},"author":1,"featured_media":73712,"comment_status":"closed","ping_status":"closed","sticky":false,"template":"","format":"standard","meta":{"sfsi_plus_gutenberg_text_before_share":"","sfsi_plus_gutenberg_show_text_before_share":"","sfsi_plus_gutenberg_icon_type":"","sfsi_plus_gutenberg_icon_alignemt":"","sfsi_plus_gutenburg_max_per_row":"","footnotes":""},"categories":[13],"tags":[],"class_list":["post-73711","post","type-post","status-publish","format-standard","has-post-thumbnail","hentry","category-esportes"],"_links":{"self":[{"href":"https:\/\/www.caririemacao.com\/1\/wp-json\/wp\/v2\/posts\/73711","targetHints":{"allow":["GET"]}}],"collection":[{"href":"https:\/\/www.caririemacao.com\/1\/wp-json\/wp\/v2\/posts"}],"about":[{"href":"https:\/\/www.caririemacao.com\/1\/wp-json\/wp\/v2\/types\/post"}],"author":[{"embeddable":true,"href":"https:\/\/www.caririemacao.com\/1\/wp-json\/wp\/v2\/users\/1"}],"replies":[{"embeddable":true,"href":"https:\/\/www.caririemacao.com\/1\/wp-json\/wp\/v2\/comments?post=73711"}],"version-history":[{"count":1,"href":"https:\/\/www.caririemacao.com\/1\/wp-json\/wp\/v2\/posts\/73711\/revisions"}],"predecessor-version":[{"id":73713,"href":"https:\/\/www.caririemacao.com\/1\/wp-json\/wp\/v2\/posts\/73711\/revisions\/73713"}],"wp:featuredmedia":[{"embeddable":true,"href":"https:\/\/www.caririemacao.com\/1\/wp-json\/wp\/v2\/media\/73712"}],"wp:attachment":[{"href":"https:\/\/www.caririemacao.com\/1\/wp-json\/wp\/v2\/media?parent=73711"}],"wp:term":[{"taxonomy":"category","embeddable":true,"href":"https:\/\/www.caririemacao.com\/1\/wp-json\/wp\/v2\/categories?post=73711"},{"taxonomy":"post_tag","embeddable":true,"href":"https:\/\/www.caririemacao.com\/1\/wp-json\/wp\/v2\/tags?post=73711"}],"curies":[{"name":"wp","href":"https:\/\/api.w.org\/{rel}","templated":true}]}}