{"id":73714,"date":"2018-11-21T07:10:06","date_gmt":"2018-11-21T10:10:06","guid":{"rendered":"http:\/\/www.caririemacao.com\/1\/?p=73714"},"modified":"2018-11-21T07:10:06","modified_gmt":"2018-11-21T10:10:06","slug":"mpf-e-mppb-vistoriam-tomadas-de-agua-de-pocoes-e-camalau","status":"publish","type":"post","link":"https:\/\/www.caririemacao.com\/1\/2018\/11\/21\/mpf-e-mppb-vistoriam-tomadas-de-agua-de-pocoes-e-camalau\/","title":{"rendered":"MPF e MPPB vistoriam tomadas de \u00e1gua de Po\u00e7\u00f5es e Camala\u00fa"},"content":{"rendered":"<p>O\u00a0 Minist\u00e9rio P\u00fablico Federal (MPF) e o Minist\u00e9rio P\u00fablico da Para\u00edba (MPPB), atrav\u00e9s do seu comit\u00ea gestor para a crise h\u00eddrica, fiscalizaram nesta ter\u00e7a-feira (20) as obras da transposi\u00e7\u00e3o do rio S\u00e3o Francisco nos a\u00e7udes de Po\u00e7\u00f5es e Camala\u00fa.<\/p>\n<p>O perito do MPF, engenheiro civil Marcelo Franca e o procurador de Justi\u00e7a do MP Estadual \u00c1lvaro Gadelha constataram que a obra ainda n\u00e3o foi conclu\u00edda na sua inteireza e a \u00e1gua da transposi\u00e7\u00e3o chega at\u00e9 Po\u00e7\u00f5es. No entanto, por falta de bombeamento na esta\u00e7\u00e3o elevat\u00f3ria EBV6, paralisada h\u00e1, pelo menos, 15 dias, n\u00e3o h\u00e1 vaz\u00e3o suficiente para que a \u00e1gua chegue at\u00e9 Camala\u00fa.<\/p>\n<p>Ap\u00f3s a vistoria, o MP Estadual entrou em contato com o ministro da Integra\u00e7\u00e3o Nacional, Antonio de P\u00e1dua, que informou ao Minist\u00e9rio P\u00fablico que o bombeamento da EBV6 ser\u00e1 retomado amanh\u00e3 (21).<\/p>\n<figure><img decoding=\"async\" data-src=\"https:\/\/www.clickpb.com.br\/media\/filer_public\/ab\/b5\/abb53773-5e2d-4f41-b447-38914283335d\/regervbrwbvb.jpg\" data-image=\"107420\" src=\"data:image\/svg+xml;base64,PHN2ZyB3aWR0aD0iMSIgaGVpZ2h0PSIxIiB4bWxucz0iaHR0cDovL3d3dy53My5vcmcvMjAwMC9zdmciPjwvc3ZnPg==\" class=\"lazyload\" \/><\/figure>\n<p>Segundo observaram os integrantes da equipe de fiscaliza\u00e7\u00e3o, o volume de \u00e1gua que sai de Po\u00e7\u00f5es \u00e9 extremamente pequeno e, muito provavelmente, deve se perder no caminho, por infiltra\u00e7\u00e3o, antes de chegar a Camala\u00fa. \u201cSe continuar um volume de \u00e1gua t\u00e3o pequeno, dificilmente essa \u00e1gua chegar\u00e1 em Camala\u00fa\u201d, afirmou Marcelo Franca.<\/p>\n<p>Conforme o perito, tamb\u00e9m verificou-se que a obra da tomada de \u00e1gua de Po\u00e7\u00f5es est\u00e1 num est\u00e1gio que permite a passagem da \u00e1gua, mas n\u00e3o permite que o a\u00e7ude ganhe volume de \u00e1gua, sob risco de inundar a parte da obra que ainda n\u00e3o est\u00e1 concretada. Segundo Franca, essa obra \u00e9 algo que pode ser feito em prazo relativamente curto. O pr\u00f3ximo passo, ap\u00f3s a conclus\u00e3o da concretagem, seria aterrar a regi\u00e3o que foi escavada \u201cpara voltar a ter o maci\u00e7o da barragem recomposto\u201d, explicou o engenheiro.<\/p>\n<figure><img decoding=\"async\" data-src=\"https:\/\/www.clickpb.com.br\/media\/filer_public\/bc\/e2\/bce2ec0a-be90-4775-b00d-de6be22be797\/evgefdesf.jpg\" data-image=\"107421\" src=\"data:image\/svg+xml;base64,PHN2ZyB3aWR0aD0iMSIgaGVpZ2h0PSIxIiB4bWxucz0iaHR0cDovL3d3dy53My5vcmcvMjAwMC9zdmciPjwvc3ZnPg==\" class=\"lazyload\" \/><\/figure>\n<p>Em Camala\u00fa constatou-se que a obra da tomada complementar j\u00e1 est\u00e1 com a v\u00e1lvula dispersora (mecanismo de regulariza\u00e7\u00e3o da sa\u00edda de \u00e1gua), faltando apenas a concretagem do trecho final que receber\u00e1 a \u00e1gua que sai da v\u00e1lvula. A concretagem desse trecho evitar\u00e1 que a for\u00e7a da \u00e1gua cause eros\u00e3o. A construtora se comprometeu a concluir a concretagem desse trecho em uma semana, a partir de quando j\u00e1 ser\u00e1 poss\u00edvel passar \u00e1gua pela tomada complementar do a\u00e7ude.<\/p>\n<p>Todavia, o perito do MPF alertou que o a\u00e7ude de Camala\u00fa est\u00e1 com um n\u00edvel muito baixo e o volume de \u00e1gua que sai de Po\u00e7\u00f5es \u00e9 insignificante. \u201cAtualmente, Camala\u00fa n\u00e3o est\u00e1 conseguindo receber \u00e1gua de Po\u00e7\u00f5es, de modo que, em se mantendo o volume de \u00e1gua que atualmente sai de Po\u00e7\u00f5es, o equipamento instalado no a\u00e7ude de Camala\u00fa vai ficar ocioso\u201d, alertou Marcelo Franca.<\/p>\n<figure><img decoding=\"async\" data-src=\"https:\/\/www.clickpb.com.br\/media\/filer_public\/41\/3c\/413cba01-4787-4a36-beb4-197b1b9db870\/efgvwg.jpg\" data-image=\"107422\" src=\"data:image\/svg+xml;base64,PHN2ZyB3aWR0aD0iMSIgaGVpZ2h0PSIxIiB4bWxucz0iaHR0cDovL3d3dy53My5vcmcvMjAwMC9zdmciPjwvc3ZnPg==\" class=\"lazyload\" \/><\/figure>\n<p>Segundo a procuradora da Rep\u00fablica Janaina Andrade, da forma como est\u00e1 hoje, a transposi\u00e7\u00e3o n\u00e3o tem efetividade para a Para\u00edba. \u201cN\u00e3o existe efetividade no Eixo Leste Meta 3L e n\u00e3o \u00e9 a aus\u00eancia da conclus\u00e3o das obras que impede seu funcionamento\u201d, declarou a procuradora, adiantando que, diante desse fato, o MPF e o MPPB v\u00e3o oficiar \u00e0 Ag\u00eancia Nacional de \u00c1guas (Ana) e \u00e0 Ag\u00eancia Executiva de Gest\u00e3o das \u00c1guas do Estado da Para\u00edba (Aesa) para que informem quais s\u00e3o as bases t\u00e9cnicas para que liberem \u00e1gua para irriga\u00e7\u00e3o nos termos da resolu\u00e7\u00e3o que regulamenta a irriga\u00e7\u00e3o no canal da transposi\u00e7\u00e3o.<\/p>\n<p>A procurada lamenta que, mesmo diante do grande dano ao meio ambiental natural e social e com o elevado volume de recursos p\u00fablicos, hoje or\u00e7ados em cerca de 9 bilh\u00f5es de reais, as obras do PISF est\u00e3o longe de trazer mudan\u00e7as para crise h\u00eddrica na regi\u00e3o do Cariri paraibano.<\/p>\n<p><strong>Res\u00edduos no canal<\/strong>\u00a0\u2013 Outra constata\u00e7\u00e3o da visita \u00e0s obras da transposi\u00e7\u00e3o foi que o canal est\u00e1 cheio de areia, assoreado. Segundo Marcelo Franca, v\u00e1rios trechos do canal situados na PE-265, na altura do S\u00edtio Cip\u00f3, em Pernambuco, cont\u00eam res\u00edduos, plantas e restos de areia. Tamb\u00e9m foram avistadas crian\u00e7as brincando dentro do canal. \u201cA impress\u00e3o que d\u00e1 \u00e9 que o canal est\u00e1 abandonado. N\u00e3o tem fiscaliza\u00e7\u00e3o, nem seguran\u00e7a. Quando o bombeamento for restabelecido, quem avisar\u00e1 \u00e0s crian\u00e7as que o bombeamento retornou?\u201d, questiona o engenheiro.<\/p>\n<figure><img decoding=\"async\" data-src=\"https:\/\/www.clickpb.com.br\/media\/filer_public\/ea\/8d\/ea8dc79b-a4da-428b-91db-88245ab54ad6\/evedrbvvbvb.jpg\" data-image=\"107423\" src=\"data:image\/svg+xml;base64,PHN2ZyB3aWR0aD0iMSIgaGVpZ2h0PSIxIiB4bWxucz0iaHR0cDovL3d3dy53My5vcmcvMjAwMC9zdmciPjwvc3ZnPg==\" class=\"lazyload\" \/><\/figure>\n<p>Outro ponto constatado \u00e9 que a seguran\u00e7a das duas barragens deve ser melhorada em brev\u00edssimo espa\u00e7o de tempo.<\/p>\n","protected":false},"excerpt":{"rendered":"<p>O\u00a0 Minist\u00e9rio P\u00fablico Federal (MPF) e o Minist\u00e9rio P\u00fablico da Para\u00edba (MPPB), atrav\u00e9s do seu comit\u00ea gestor para a crise h\u00eddrica, fiscalizaram nesta ter\u00e7a-feira (20)&hellip; <\/p>\n","protected":false},"author":1,"featured_media":73715,"comment_status":"closed","ping_status":"closed","sticky":false,"template":"","format":"standard","meta":{"sfsi_plus_gutenberg_text_before_share":"","sfsi_plus_gutenberg_show_text_before_share":"","sfsi_plus_gutenberg_icon_type":"","sfsi_plus_gutenberg_icon_alignemt":"","sfsi_plus_gutenburg_max_per_row":"","footnotes":""},"categories":[2],"tags":[],"class_list":["post-73714","post","type-post","status-publish","format-standard","has-post-thumbnail","hentry","category-geral"],"_links":{"self":[{"href":"https:\/\/www.caririemacao.com\/1\/wp-json\/wp\/v2\/posts\/73714","targetHints":{"allow":["GET"]}}],"collection":[{"href":"https:\/\/www.caririemacao.com\/1\/wp-json\/wp\/v2\/posts"}],"about":[{"href":"https:\/\/www.caririemacao.com\/1\/wp-json\/wp\/v2\/types\/post"}],"author":[{"embeddable":true,"href":"https:\/\/www.caririemacao.com\/1\/wp-json\/wp\/v2\/users\/1"}],"replies":[{"embeddable":true,"href":"https:\/\/www.caririemacao.com\/1\/wp-json\/wp\/v2\/comments?post=73714"}],"version-history":[{"count":1,"href":"https:\/\/www.caririemacao.com\/1\/wp-json\/wp\/v2\/posts\/73714\/revisions"}],"predecessor-version":[{"id":73716,"href":"https:\/\/www.caririemacao.com\/1\/wp-json\/wp\/v2\/posts\/73714\/revisions\/73716"}],"wp:featuredmedia":[{"embeddable":true,"href":"https:\/\/www.caririemacao.com\/1\/wp-json\/wp\/v2\/media\/73715"}],"wp:attachment":[{"href":"https:\/\/www.caririemacao.com\/1\/wp-json\/wp\/v2\/media?parent=73714"}],"wp:term":[{"taxonomy":"category","embeddable":true,"href":"https:\/\/www.caririemacao.com\/1\/wp-json\/wp\/v2\/categories?post=73714"},{"taxonomy":"post_tag","embeddable":true,"href":"https:\/\/www.caririemacao.com\/1\/wp-json\/wp\/v2\/tags?post=73714"}],"curies":[{"name":"wp","href":"https:\/\/api.w.org\/{rel}","templated":true}]}}