{"id":73717,"date":"2018-11-21T07:21:10","date_gmt":"2018-11-21T10:21:10","guid":{"rendered":"http:\/\/www.caririemacao.com\/1\/?p=73717"},"modified":"2018-11-21T07:21:10","modified_gmt":"2018-11-21T10:21:10","slug":"governadores-do-nordeste-fecham-agenda-unica-para-levar-a-bolsonaro","status":"publish","type":"post","link":"https:\/\/www.caririemacao.com\/1\/2018\/11\/21\/governadores-do-nordeste-fecham-agenda-unica-para-levar-a-bolsonaro\/","title":{"rendered":"Governadores do Nordeste fecham agenda \u00fanica para levar a Bolsonaro"},"content":{"rendered":"<p>Os governadores do Nordeste, incluindo os atuais e os eleitos, se re\u00fanem nesta quarta-feira (21), em Bras\u00edlia, para ajustar as propostas apresentadas ao presidente eleito, Jair Bolsonaro, na semana passada. A ideia, segundo o governador reeleito do Piau\u00ed, Wellington Dias (PT), \u00e9 debater detalhadamente a pauta e fechar uma agenda \u00fanica que ser\u00e1 levada ao encontro de governadores, no dia 12 de dezembro.<\/p>\n<p>Nessa reuni\u00e3o, Bolsonaro ser\u00e1 representado pelo ministro indicado da Justi\u00e7a e Seguran\u00e7a P\u00fablica, Sergio Moro. \u201cSomos parte da federa\u00e7\u00e3o e queremos dialogar e integrar a\u00e7\u00f5es com o governo federal\u201d, afirmou Dias, que j\u00e1 est\u00e1 em Bras\u00edlia preparando a reuni\u00e3o do F\u00f3rum de Governadores do Nordeste.<\/p>\n<div class=\"dnd-widget-wrapper context-medio_4colunas type-image atom-align-left\">\n<div class=\"dnd-atom-rendered\">\n<figure class=\"mejs-fotoh-wrapper\"><img decoding=\"async\" class=\"img-responsive full full lazyload\" title=\"Fernando Fraz\u00e3o\/Ag\u00eancia Brasil\" data-src=\"http:\/\/imagens.ebc.com.br\/dJB8Cu_gyezw7RpBjacu4OLBPnM=\/365x0\/smart\/http:\/\/agenciabrasil.ebc.com.br\/sites\/default\/files\/atoms\/image\/973977-01092015-_dsc4973.jpg?itok=KGAqPf2O\" alt=\"O governador do Piau\u00ed, Wellington Dias, participa de debate sobre energia e\u00f3lica no pa\u00eds, durante a 6\u00aa edi\u00e7\u00e3o do Brazil Windpower (Fernando Fraz\u00e3o\/Ag\u00eancia Brasil)\" src=\"data:image\/svg+xml;base64,PHN2ZyB3aWR0aD0iMSIgaGVpZ2h0PSIxIiB4bWxucz0iaHR0cDovL3d3dy53My5vcmcvMjAwMC9zdmciPjwvc3ZnPg==\" \/><\/figure>\n<\/div>\n<div class=\"dnd-caption-wrapper\">\n<h6 class=\"meta\">Governador do Piau\u00ed, Wellington Dias, coordena reuni\u00e3o F\u00f3rum dos Governadores do Nordeste &#8211; Arquivo\/Ag\u00eancia Brasil<\/h6>\n<\/div>\n<\/div>\n<p>A pauta j\u00e1 vem sendo debatida com o governo do presidente Michel Temer, mas alguns pontos n\u00e3o avan\u00e7aram. Os temas priorit\u00e1rios s\u00e3o seguran\u00e7a p\u00fablica e controle das fronteiras, combate ao desemprego, crescimento econ\u00f4mico, retomada de obras, como a ferrovia Transnordestina e a transposi\u00e7\u00e3o do Rio S\u00e3o Francisco, pol\u00edtica de cr\u00e9ditos, pol\u00edtica industrial focada no Nordeste, pol\u00edtica de recursos h\u00eddricos e equil\u00edbrio fiscal, incluindo a reforma da Previd\u00eancia.<\/p>\n<p>Para Dias, \u00e9 necess\u00e1rio priorizar temas que s\u00e3o importantes para a popula\u00e7\u00e3o, como o crescimento econ\u00f4mico e a gera\u00e7\u00e3o de empregos. \u201cComo se faz isso? Com a retomada de obras que est\u00e3o paralisadas ou andando muito devagar. Em cada estado h\u00e1 um conjunto de obras que, sendo retomadas, v\u00e3o gerar empregos\u201d, disse Dias, acrescentando que a ideia \u00e9 integrar a\u00e7\u00f5es do governo federal, dos estados, dos munic\u00edpios e da iniciativa privada.<\/p>\n<p>Um dos caminhos apontados pelo governador para aliviar as finan\u00e7as dos entes federados \u00e9 o projeto de securitiza\u00e7\u00e3o das d\u00edvidas. A proposta, j\u00e1 aprovada no Senado, prev\u00ea a possibilidade de venda dos cr\u00e9ditos a serem recebidos pela Uni\u00e3o, pelos estados e pelos munic\u00edpios. Ainda precisa ser votada na C\u00e2mara.<\/p>\n","protected":false},"excerpt":{"rendered":"<p>Os governadores do Nordeste, incluindo os atuais e os eleitos, se re\u00fanem nesta quarta-feira (21), em Bras\u00edlia, para ajustar as propostas apresentadas ao presidente eleito,&hellip; <\/p>\n","protected":false},"author":1,"featured_media":35582,"comment_status":"closed","ping_status":"closed","sticky":false,"template":"","format":"standard","meta":{"sfsi_plus_gutenberg_text_before_share":"","sfsi_plus_gutenberg_show_text_before_share":"","sfsi_plus_gutenberg_icon_type":"","sfsi_plus_gutenberg_icon_alignemt":"","sfsi_plus_gutenburg_max_per_row":"","footnotes":""},"categories":[50,11],"tags":[],"class_list":["post-73717","post","type-post","status-publish","format-standard","has-post-thumbnail","hentry","category-destaque","category-politica"],"_links":{"self":[{"href":"https:\/\/www.caririemacao.com\/1\/wp-json\/wp\/v2\/posts\/73717","targetHints":{"allow":["GET"]}}],"collection":[{"href":"https:\/\/www.caririemacao.com\/1\/wp-json\/wp\/v2\/posts"}],"about":[{"href":"https:\/\/www.caririemacao.com\/1\/wp-json\/wp\/v2\/types\/post"}],"author":[{"embeddable":true,"href":"https:\/\/www.caririemacao.com\/1\/wp-json\/wp\/v2\/users\/1"}],"replies":[{"embeddable":true,"href":"https:\/\/www.caririemacao.com\/1\/wp-json\/wp\/v2\/comments?post=73717"}],"version-history":[{"count":1,"href":"https:\/\/www.caririemacao.com\/1\/wp-json\/wp\/v2\/posts\/73717\/revisions"}],"predecessor-version":[{"id":73718,"href":"https:\/\/www.caririemacao.com\/1\/wp-json\/wp\/v2\/posts\/73717\/revisions\/73718"}],"wp:featuredmedia":[{"embeddable":true,"href":"https:\/\/www.caririemacao.com\/1\/wp-json\/wp\/v2\/media\/35582"}],"wp:attachment":[{"href":"https:\/\/www.caririemacao.com\/1\/wp-json\/wp\/v2\/media?parent=73717"}],"wp:term":[{"taxonomy":"category","embeddable":true,"href":"https:\/\/www.caririemacao.com\/1\/wp-json\/wp\/v2\/categories?post=73717"},{"taxonomy":"post_tag","embeddable":true,"href":"https:\/\/www.caririemacao.com\/1\/wp-json\/wp\/v2\/tags?post=73717"}],"curies":[{"name":"wp","href":"https:\/\/api.w.org\/{rel}","templated":true}]}}